{"id":333,"date":"2013-09-27T13:32:04","date_gmt":"2013-09-27T13:32:04","guid":{"rendered":"http:\/\/blogs.noticiasdenavarra.com\/conacentohispano\/?p=333"},"modified":"2013-09-27T13:32:04","modified_gmt":"2013-09-27T13:32:04","slug":"merkel-o-la-lideresa-de-una-europa-alemanizada","status":"publish","type":"post","link":"https:\/\/blogs.noticiasdenavarra.com\/conacentohispano\/2013\/09\/27\/merkel-o-la-lideresa-de-una-europa-alemanizada\/","title":{"rendered":"Merkel o la lideresa de una Europa alemanizada"},"content":{"rendered":"<p>La crisis econ\u00f3mica se impone a la capacidad real de hacer pol\u00edtica y en esta batalla de un lustro que desmonta cada pelda\u00f1o del Estado del bienestar, solo triunfan los discursos basados en la ley del m\u00e1s fuerte. La prueba m\u00e1s evidente de este axioma es el premio \u00fanico y excelente que le han concedido los alemanes a su canciller \u00c1ngela<strong>\u00a0Merkel<\/strong>\u00a0al obtener los mejores resultados de la moderna historia democr\u00e1tica de\u00a0<strong>Alemania<\/strong>. Su hist\u00f3rica victoria no tiene parang\u00f3n, pues, si bien es cierto que el canciller Konrad\u00a0<strong>Adenauer<\/strong>\u00a0alcanz\u00f3 niveles similares de apoyo electoral, lo hizo en la Alemania del Oeste con mucha menos poblaci\u00f3n que la que la gran Alemania unificada que ha refrendado a \u201cmutti\u201d Merkel.<\/p>\n<p>\u00bfSignifica esto que debemos todos asumir como buenas las pol\u00edticas impuestas desde Berl\u00edn a Bruselas porque 20 millones de alemanes las hayan aplaudido en las urnas? Rotundamente no. El voto de las elecciones alemanas del pasado domingo m\u00e1s bien es el de una sociedad que se refugia en la seguridad de su propio bunker impasible ante lo que sucede a su alrededor. Es la m\u00e1s clara manifestaci\u00f3n de miedo ante una situaci\u00f3n de inestabilidad econ\u00f3mica que puede ofrecer un pueblo. Y, por supuesto, que los alemanes est\u00e1n en su perfecto derecho de enfrentarse a sus temores de forma tan egoc\u00e9ntrica, de la misma forma que los dem\u00e1s lo estamos en hacerles ver que ese camino solo conduce a la germanofobia y al fracaso de las pol\u00edticas de consenso comunes de la Uni\u00f3n Europea.\u00a0Sin embargo, conviene ponerse en la piel del otro para tratar de comprender el fen\u00f3meno de esta mujer sencilla y sin grandes pretensiones que hoy es la lideresa de Europa. La victoria de Merkel tiene dos lecturas diferentes y dos tipos de an\u00e1lisis necesarios:\u00a0\u00bfQu\u00e9 motivos hay para que sea la primera mandataria europea que durante la actual crisis mantiene el cargo?\u00a0y \u00bfqu\u00e9 tipo de pol\u00edticas aplicar\u00e1 a partir de este momento en la UE dado el liderazgo econ\u00f3mico y pol\u00edtico que ejerce sobre Bruselas?<\/p>\n<p><img decoding=\"async\" alt=\"null\" src=\"http:\/\/www.cubadebate.cu\/wp-content\/uploads\/2013\/09\/merkel2.jpg\" \/><\/p>\n<p>De la primera cuesti\u00f3n se pueden extraer diversas conclusiones de car\u00e1cter diverso:<br \/>\n&#8211;\u00a0Su capacidad para que los alemanes la vean como quien mejor defiende sus intereses. Es este un factor claramente nacionalista y no debe interpretarse como negativo, pues, es mucho mejor tener a Merkel defendiendo una Europa aunque sea alemanizada, que a los euroesc\u00e9pticos tratando de salir del euro. Es claramente una l\u00edder nacional con una visi\u00f3n nacionalista de Europa.<\/p>\n<p>&#8211;\u00a0Da seguridad a una sociedad como lo es la alemana que con un inicio de siglo XX terrible con ruina econ\u00f3mica y dos guerras mundiales, antepone la estabilidad propia a cualquier factor de solidaridad.<\/p>\n<p>&#8211;\u00a0No es cierto que sus pol\u00edticas sociales hayan desmontado el Estado del Bienestar alem\u00e1n, pasando por su primer mandato, de gran coalici\u00f3n con los socialdem\u00f3cratas y ahora con los liberales, su ideolog\u00eda socialcristiana ha mantenido derechos y protecciones de la clase media alemana.<\/p>\n<p>&#8211;\u00a0La crisis no le ha pasado factura porque Alemania ha sido el pa\u00eds que menos la ha sufrido, por no decir que no la ha sufrido. En estos 5 a\u00f1os Alemania ha ganado posiciones respecto a las otras potencias de la UE como\u00a0<strong>Francia<\/strong>,\u00a0<strong>Reino Unido<\/strong>,<strong>Italia<\/strong>\u2026<\/p>\n<p>&#8211;\u00a0Probablemente el motivo m\u00e1s importante de su victoria es la falta de propuestas cre\u00edbles y realistas de la izquierda alemana. La crisis ideol\u00f3gica del<strong>\u00a0SPD<\/strong>\u00a0e incluso de los antiguos comunistas, es su incapacidad para efectuar ofertas que ilusionen a los alemanes. Es el fiel reflejo de la falta de capacidad de la izquierda europea. Los alemanes prefieren lo seguro aunque no levante pasiones a la nada que se le enfrenta.<\/p>\n<p>Respecto a la segunda cuesti\u00f3n, es bastante previsible lo que puede traernos este tercer mandato de Merkel en la\u00a0<strong>UE<\/strong>:<br \/>\n&#8211;\u00a0Lo m\u00e1s l\u00f3gico es que opte por una nueva coalici\u00f3n con el SPD aunque ahora les necesita mucho menos y, por tanto, solo pactar\u00e1 las grandes cuestiones nacionales y europeas con ellos.<\/p>\n<p>&#8211;\u00a0El programa de austeridad y ajustes presupuestarios seguir\u00e1 con toda seguridad hasta que se vean cumplidos los objetivos 2015 impuestos por Bruselas a los Estados con exceso de d\u00e9ficit.<\/p>\n<p>&#8211;\u00a0En palabras suyas, Europa ayudar\u00e1 a qui\u00e9n cumpla sus deberes. Es decir, iremos poco a poco a una Europa de dos velocidades liderada por Alemania.<\/p>\n<p>&#8211;\u00a0La Uni\u00f3n bancaria avanzar\u00e1 mucho m\u00e1s r\u00e1pida, pero eso s\u00ed, sin ninguna posibilidad de la entrada en vigor de los eurobonos. Eso supondr\u00e1 que la financiaci\u00f3n seguir\u00e1 siendo muy limitada para pymes y que cada pa\u00eds tendr\u00e1 que asumir sus propios riesgos.<\/p>\n<p>&#8211;\u00a0Sin embargo, a partir del a\u00f1o 2014 se empezar\u00e1 a plantear una nueva pol\u00edtica de fomento del empleo, pues, Alemania no puede seguir viendo como caen sus exportaciones en la UE fruto de la ca\u00edda del consumo por el desempleo.<\/p>\n<p>En resumen, negar el liderazgo alem\u00e1n de Europa es absurdo y el de Merkel en Alemania ahora rid\u00edculo. Lo inteligente ser\u00e1 trabajar con ellos para adecuar los intereses particulares con los de una Alemania que marca el paso a Europa. La fuerza de la Uni\u00f3n y el v\u00e9rtigo de los conflictos del pasado bien merecen soportar cuatro a\u00f1os de frau Merkel y con un poco de suerte igual el peso de la p\u00farpura y que ya tiene fecha de caducidad relajan su austero gesto.<\/p>\n<p><img decoding=\"async\" alt=\"null\" src=\"http:\/\/imagenes.publico.es\/resources\/archivos\/2013\/9\/23\/1379926823884merkel-2coldn.jpg\" \/><\/p>\n","protected":false},"excerpt":{"rendered":"<p>La crisis econ\u00f3mica se impone a la capacidad real de hacer pol\u00edtica y en esta batalla de un lustro que desmonta cada pelda\u00f1o del Estado del bienestar, solo triunfan los discursos basados en la ley del m\u00e1s fuerte. La prueba m\u00e1s evidente de este axioma es el premio \u00fanico y excelente que le han concedido &hellip; <a href=\"https:\/\/blogs.noticiasdenavarra.com\/conacentohispano\/2013\/09\/27\/merkel-o-la-lideresa-de-una-europa-alemanizada\/\" class=\"more-link\">Sigue leyendo <span class=\"screen-reader-text\">Merkel o la lideresa de una Europa alemanizada<\/span><\/a><\/p>\n","protected":false},"author":70,"featured_media":0,"comment_status":"open","ping_status":"open","sticky":false,"template":"","format":"standard","meta":{"footnotes":""},"categories":[4],"tags":[1752,407,1888,409,456,411,413,1889,389],"class_list":["post-333","post","type-post","status-publish","format-standard","hentry","category-sin-categoria","tag-adenauer","tag-alemania","tag-cdu","tag-francia","tag-italia","tag-merkel","tag-reino-unido","tag-spd","tag-ue"],"_links":{"self":[{"href":"https:\/\/blogs.noticiasdenavarra.com\/conacentohispano\/wp-json\/wp\/v2\/posts\/333","targetHints":{"allow":["GET"]}}],"collection":[{"href":"https:\/\/blogs.noticiasdenavarra.com\/conacentohispano\/wp-json\/wp\/v2\/posts"}],"about":[{"href":"https:\/\/blogs.noticiasdenavarra.com\/conacentohispano\/wp-json\/wp\/v2\/types\/post"}],"author":[{"embeddable":true,"href":"https:\/\/blogs.noticiasdenavarra.com\/conacentohispano\/wp-json\/wp\/v2\/users\/70"}],"replies":[{"embeddable":true,"href":"https:\/\/blogs.noticiasdenavarra.com\/conacentohispano\/wp-json\/wp\/v2\/comments?post=333"}],"version-history":[{"count":1,"href":"https:\/\/blogs.noticiasdenavarra.com\/conacentohispano\/wp-json\/wp\/v2\/posts\/333\/revisions"}],"predecessor-version":[{"id":334,"href":"https:\/\/blogs.noticiasdenavarra.com\/conacentohispano\/wp-json\/wp\/v2\/posts\/333\/revisions\/334"}],"wp:attachment":[{"href":"https:\/\/blogs.noticiasdenavarra.com\/conacentohispano\/wp-json\/wp\/v2\/media?parent=333"}],"wp:term":[{"taxonomy":"category","embeddable":true,"href":"https:\/\/blogs.noticiasdenavarra.com\/conacentohispano\/wp-json\/wp\/v2\/categories?post=333"},{"taxonomy":"post_tag","embeddable":true,"href":"https:\/\/blogs.noticiasdenavarra.com\/conacentohispano\/wp-json\/wp\/v2\/tags?post=333"}],"curies":[{"name":"wp","href":"https:\/\/api.w.org\/{rel}","templated":true}]}}