{"id":323,"date":"2013-08-16T11:26:50","date_gmt":"2013-08-16T11:26:50","guid":{"rendered":"http:\/\/blogs.noticiasdenavarra.com\/conacentohispano\/?p=323"},"modified":"2013-08-16T11:26:50","modified_gmt":"2013-08-16T11:26:50","slug":"europa-sale-de-la-recesion-y-quien-se-ocupa-del-paisaje-despues-de-la-batalla","status":"publish","type":"post","link":"https:\/\/blogs.noticiasdenavarra.com\/conacentohispano\/2013\/08\/16\/europa-sale-de-la-recesion-y-quien-se-ocupa-del-paisaje-despues-de-la-batalla\/","title":{"rendered":"Europa sale de la recesi\u00f3n\u2026 y \u00bfqui\u00e9n se ocupa del paisaje despu\u00e9s de la batalla?"},"content":{"rendered":"<p>Los datos de crecimiento del PIB de la eurozona hechos p\u00fablicos por la Comisi\u00f3n Europea hace unos d\u00edas, han sorprendido y despertado el optimismo de encontrarnos ante una posible senda de salida de la crisis.\u00a0La zona euro ha sido capaz de crecer un 0,3 % en el segundo trimestre respecto al trimestre anterior han sido impulsados por unas cifras mejores de lo esperado en\u00a0<strong>Alemania<\/strong>\u00a0(+0,7 %) y\u00a0<strong>Francia<\/strong>\u00a0(+0,5 %). El eje franco alem\u00e1n, n\u00facleo real de cohesi\u00f3n de la construcci\u00f3n europea, tira de la econom\u00eda europea como deber\u00eda tirar del proyecto en com\u00fan. Los 17 pa\u00edses que comparten el euro han necesitado\u00a0siete trimestres para volver a crecer, con una subida del Producto Interior Bruto del 0,3 por ciento ajustado estacionalmente en los tres meses hasta junio, seg\u00fan los datos de la agencia de estad\u00edsticas Eurostat. Confirmando el retrato diferenciado de la recuperaci\u00f3n,\u00a0<strong>Espa\u00f1a<\/strong>\u00a0cay\u00f3 un 0,1 por ciento, mientras que\u00a0<strong>Italia<\/strong>\u00a0y\u00a0<strong>Holanda<\/strong>\u00a0lo hicieron en un 0,2 por ciento. En cambio, la rescatada\u00a0<strong>Portugal<\/strong>\u00a0tuvo un crecimiento del 1,1 por ciento, la cifra m\u00e1s elevada de los 17 en el trimestre. Es evidente, pues, que la Uni\u00f3n es m\u00e1s un agregado estad\u00edstico que una realidad homog\u00e9nea, la falta de una pol\u00edtica econ\u00f3mica europea se sigue poniendo de manifiesto.<\/p>\n<p>La primera conclusi\u00f3n de estas \u201cbuenas noticias\u201d no es otra que la Eurozona afronta un camino desigual e inestable hacia la recuperaci\u00f3n, marcado por un paro en cifras r\u00e9cord y las medidas de austeridad en los pa\u00edses de la periferia, que necesitan acelerar las reformas aumentar el crecimiento y crear nuevos empleos. Curiosamente el principal motor del crecimiento europeo reside en la balanza comercial, es decir, en la capacidad de los Estados europeos de exportar sus bienes y servicios entre ellos y fuera de la regi\u00f3n. Ese dinamismo se ha convertido en nuestra principal fortaleza, en lo que sin duda no es sino una reacci\u00f3n de supervivencia o de \u201cs\u00e1lvese quien pueda\u201d durante los duros a\u00f1os de crisis econ\u00f3mica que venimos padeciendo. Sin embargo, faltan muchas cosas por solucionar para declarar que la crisis ha sido definitivamente superada en la Eurozona. La primera y principal es el desempleo, que actualmente se sit\u00faa en el 12,1%, su m\u00e1ximo hist\u00f3rico y con niveles por encima del 25% en Espa\u00f1a y\u00a0<strong>Grecia<\/strong>. Adem\u00e1s,\u00a0la banca sigue siendo motivo de preocupaci\u00f3n, ya que no ha limpiado totalmente su balance y el cr\u00e9dito sigue en ca\u00edda. Tampoco se ha completado la prometida reforma de la regulaci\u00f3n bancaria, al que le faltan cerca de ocho meses para entrar en vigor.<\/p>\n<p><img loading=\"lazy\" decoding=\"async\" alt=\"null\" src=\"http:\/\/img.irtve.es\/imagenes\/eurozona-sale-recesion\/1376488688339.jpg\" width=\"461\" height=\"259\" \/><\/p>\n<p>En todo caso, la realidad parece confirmar las tesis de los que nos alejamos hace un par de a\u00f1os de las apolog\u00edas del fin del euro. Los apocal\u00edpticos antieurope\u00edstas se frotaban las manos ante los ataques despiadados de los mercado de deuda p\u00fablica a la moneda com\u00fan y profetizaban a los cuatro vientos su inminente fallecimiento y tras \u00e9l de las instituciones europeas. Nada de eso ha sucedido y a escasos 12 meses de dichas profec\u00edas melodram\u00e1ticas, nos encontramos con un panorama internacional bien distinto. Es<strong>\u00a0China\u00a0<\/strong>y alguna de las econom\u00edas emergentes que les ven\u00edan acompa\u00f1ando en crecimientos de dos d\u00edgitos, quienes se est\u00e1n ralentizando, mientras\u00a0<strong>EE.UU.<\/strong>\u00a0y la\u00a0<strong>UE<\/strong>\u00a0vuelven a recuperar crecimientos y creaci\u00f3n de empleo, aunque sea a\u00fan t\u00edmida e inestable. A su manera titubeante y desesperadamente lenta pero Europa ha hecho los deberes y camina hacia una verdadera uni\u00f3n monetaria y financiera. El mero anuncio de inicios de negociaciones de un acuerdo comercial con Estados Unidos, ha disparado las hip\u00f3tesis de un maridaje profundo entre las dos potencias econ\u00f3micas mundiales, de la Reserva Federal y el BCE y, por tanto, de una convivencia pac\u00edfica y complementario euro\/d\u00f3lar. A Europa le quedan unos meses de indefinici\u00f3n hasta que se celebren las elecciones alemanas y lleguen los trascendentales comicios europeos \u2013 de los que saldr\u00e1 un Parlamento que elegir\u00e1 al presidente de la Comisi\u00f3n \u2013 para que veamos su aut\u00e9ntica capacidad de hacer pol\u00edtica con may\u00fasculas y funcionar ante el mundo como una entidad com\u00fan. Pero las condiciones para que esa realidad sea efectiva est\u00e1n puestas: moneda com\u00fan, Banco Central convertida en autoridad bancaria, un Parlamento Europeo que elige al Ejecutivo y el SEAE \u2013 Servicio Europeo de Acci\u00f3n Exterior \u2013 un aut\u00e9ntico servicio diplom\u00e1tico desplegado por el mundo.<\/p>\n<p>Por eso, ahora m\u00e1s que nunca ha llegado el momento de abrir un profundo debate sobre la Europa que queremos. Ahora que se vislumbra la salida de la crisis y que las herramientas pol\u00edticas puestas en marcha con el\u00a0<strong>Tratado de Lisboa<\/strong>\u00a0pueden cobrar validez plena. Lo primero que deber\u00edamos definir es el modelo social y de servicio p\u00fablico que Europa debe ofrecer a sus ciudadanos. Si somos el espacio com\u00fan democr\u00e1tico m\u00e1s amplio del mundo a la hora de defender derechos humanos, debemos establecer un completo cat\u00e1logo de prestaciones de los mismos. La crisis ha socavado profundamente los cimientos de cobertura social de nuestros pa\u00edses. Conceptos que est\u00e1n en el adn del proyecto europeo como la igualdad y la solidaridad, en la pr\u00e1ctica, se est\u00e1n poniendo en cuesti\u00f3n. Tanto el nuevo Parlamento Europeo como la Comisi\u00f3n por \u00e9l elegida, deben convertirse en garantes de la carta de derechos ciudadanos que son la \u00fanica esencia v\u00e1lida de nuestra Uni\u00f3n. Somos europeos para vivir en paz, ser libres, regirnos democr\u00e1ticamente y componer un conjunto que defiende derechos que nos hacen iguales. Esa es la justicia que la UE preconiza y que tiene la obligaci\u00f3n de reforzar ahora que las cifras macroecon\u00f3micas parecen ponerse en positivo. El rearme social de Europa es imprescindible para recuperar la demanda interna y con ello el empleo, especialmente, de nuestros j\u00f3venes. El paisaje despu\u00e9s de la batalla que ha supuesto la crisis no puede dejarnos indiferentes. Muchos han sufrido el acoso e impacto del paro y de la p\u00e9rdida de renta efectiva. Muchos han perdido la posibilidad real de ejercer sus derechos con una sanidad o una educaci\u00f3n gratuita e igualitaria. Son muchas las consecuencias de una crisis especulativa y financiera que casi se lleva por delante la econom\u00eda productiva de las peque\u00f1as y medianas empresas europeas. El esfuerzo no puede haber sido en balde. Tenemos la obligaci\u00f3n de redise\u00f1ar nuestro modelo social, tenemos que recuperar el nivel de ingresos p\u00fablicos que garanticen las prestaciones y que doten de capacidad inversora a la UE. No podemos permitir que nuestra capacidad investigadora e innovadora se retraiga porque en el conocimiento y su gesti\u00f3n sigue estando la base del hecho diferencial competitivo de nuestra econom\u00eda.<\/p>\n<p>Pero no es lo \u00fanico que requiere ser reformulado en el entramado institucional de nuestra vieja Europa. Es evidente, que durante las \u00faltimas d\u00e9cadas la cohesi\u00f3n social y territorial no ha funcionado con los criterios de convergencia que pretend\u00edamos. La crisis nos ha hecho mucho m\u00e1s dispares, los ricos son m\u00e1s ricos que los pobres hoy, y eso sucede en el interior de nuestros Estados, de nuestras regiones, entre unos Estados y otros y entre unas regiones y otras. El mapa de las desigualdades se ha desatado norte\/sur, centro\/periferia, pero tambi\u00e9n ciudad\/rural o emigraci\u00f3n\/inmigraci\u00f3n. La crisis ha convulsionado nuestra realidad de tal manera que necesitamos apartar el polvo que a\u00fan puebla las ruinas de nuestras calles para ver qu\u00e9 ha quedado en pie y qu\u00e9 requiere de una profunda reconstrucci\u00f3n. Nada, salvo nuestros principios, ser\u00e1 igual despu\u00e9s de esta batalla por la supervivencia de la idea de Europa que estamos librando. Los modelos de colaboraci\u00f3n p\u00fablico privados o los sistemas de fiscalidad basados en uso y disfrute de servicios y no solo en los niveles de renta, tendr\u00e1n que ponerse sobre la mesa si queremos afianzar la sostenibilidad del sistema. El debate que precisamos es de abajo a arriba, debe partir desde la municipalidad, nuestras comunidades m\u00e1s cercanas, para elevarse a las regiones y pa\u00edses para inundar Bruselas de propuestas. La Europa de los pueblos es la \u00fanica que puede ser capaz de regenerar el proyecto europeo desde bases reales y s\u00f3lidas. Lo dem\u00e1s son estructuras decimon\u00f3nicas, caducas y que navegan contracorriente de la Europa necesaria.<\/p>\n<p>La recuperaci\u00f3n econ\u00f3mica est\u00e1 llegando sin direcci\u00f3n alguna, por la mera fuerza inercial de los agentes econ\u00f3micos que se mueven buscando salida a sus productos y servicios. La pol\u00edtica lo \u00fanico que nos ha aportado es falta de criterio y de perspectivas de futuro. Los recortes y ajustes de lo p\u00fablico como \u00fanica receta no son los causantes, por mucho que quieran plantearlo as\u00ed sus promotores, de la salida de la recesi\u00f3n, sino la decisi\u00f3n individual de empresarios y trabajadores, de familias y personas, de salir de esta encrucijada. Si seguimos as\u00ed, sin aportar v\u00edas colectivas y soluciones colaborativas, ese paisaje de despu\u00e9s de la batalla del que hablo, nos mostrar\u00e1 un rostro m\u00e1s crudo que el que hoy vivimos. La posguerra a veces lo \u00fanico que aporta es el silencio de las balas, pero deja el terrible rumor del hambre y la venganza. Si no somos capaces de poner en marcha un verdadero plan de reconstrucci\u00f3n de nuestras infraestructuras sociales, el riesgo de que impere el ego\u00edsmo como \u00e9tica ejemplarizante ser\u00e1 m\u00e1ximo. Necesitamos que la cohesi\u00f3n territorial sea una realidad\u00a0poniendo un mayor \u00e9nfasis en la reducci\u00f3n de las disparidades regionales\u00a0relativas a las principales fuentes del crecimiento en el marco de construcci\u00f3n en\u00a0Europa de una Sociedad del Conocimiento Competitiva a escala global, pero\u00a0fuertemente cohesionada a escala interna. Todo ello sin perder de vista las diferentes\u00a0especificidades territoriales y estructurales existentes. Lo diverso nos sigue haciendo rico si lo sabemos poner en com\u00fan.<\/p>\n<p><img loading=\"lazy\" decoding=\"async\" alt=\"null\" src=\"http:\/\/www.letrap.com.ar\/wp-content\/uploads\/2013\/05\/merkel-hollande_2271199b.jpg\" width=\"434\" height=\"271\" \/><\/p>\n","protected":false},"excerpt":{"rendered":"<p>Los datos de crecimiento del PIB de la eurozona hechos p\u00fablicos por la Comisi\u00f3n Europea hace unos d\u00edas, han sorprendido y despertado el optimismo de encontrarnos ante una posible senda de salida de la crisis.\u00a0La zona euro ha sido capaz de crecer un 0,3 % en el segundo trimestre respecto al trimestre anterior han sido &hellip; <a href=\"https:\/\/blogs.noticiasdenavarra.com\/conacentohispano\/2013\/08\/16\/europa-sale-de-la-recesion-y-quien-se-ocupa-del-paisaje-despues-de-la-batalla\/\" class=\"more-link\">Sigue leyendo <span class=\"screen-reader-text\">Europa sale de la recesi\u00f3n\u2026 y \u00bfqui\u00e9n se ocupa del paisaje despu\u00e9s de la batalla?<\/span><\/a><\/p>\n","protected":false},"author":70,"featured_media":0,"comment_status":"open","ping_status":"open","sticky":false,"template":"","format":"standard","meta":{"footnotes":""},"categories":[4],"tags":[407,544,398,1880,409,453,531,479,1881,389],"class_list":["post-323","post","type-post","status-publish","format-standard","hentry","category-sin-categoria","tag-alemania","tag-china","tag-ee-uu","tag-espana-italia","tag-francia","tag-grecia","tag-holanda","tag-portugal","tag-tratado-de-lisboa","tag-ue"],"_links":{"self":[{"href":"https:\/\/blogs.noticiasdenavarra.com\/conacentohispano\/wp-json\/wp\/v2\/posts\/323","targetHints":{"allow":["GET"]}}],"collection":[{"href":"https:\/\/blogs.noticiasdenavarra.com\/conacentohispano\/wp-json\/wp\/v2\/posts"}],"about":[{"href":"https:\/\/blogs.noticiasdenavarra.com\/conacentohispano\/wp-json\/wp\/v2\/types\/post"}],"author":[{"embeddable":true,"href":"https:\/\/blogs.noticiasdenavarra.com\/conacentohispano\/wp-json\/wp\/v2\/users\/70"}],"replies":[{"embeddable":true,"href":"https:\/\/blogs.noticiasdenavarra.com\/conacentohispano\/wp-json\/wp\/v2\/comments?post=323"}],"version-history":[{"count":1,"href":"https:\/\/blogs.noticiasdenavarra.com\/conacentohispano\/wp-json\/wp\/v2\/posts\/323\/revisions"}],"predecessor-version":[{"id":324,"href":"https:\/\/blogs.noticiasdenavarra.com\/conacentohispano\/wp-json\/wp\/v2\/posts\/323\/revisions\/324"}],"wp:attachment":[{"href":"https:\/\/blogs.noticiasdenavarra.com\/conacentohispano\/wp-json\/wp\/v2\/media?parent=323"}],"wp:term":[{"taxonomy":"category","embeddable":true,"href":"https:\/\/blogs.noticiasdenavarra.com\/conacentohispano\/wp-json\/wp\/v2\/categories?post=323"},{"taxonomy":"post_tag","embeddable":true,"href":"https:\/\/blogs.noticiasdenavarra.com\/conacentohispano\/wp-json\/wp\/v2\/tags?post=323"}],"curies":[{"name":"wp","href":"https:\/\/api.w.org\/{rel}","templated":true}]}}