{"id":264,"date":"2013-02-19T10:32:24","date_gmt":"2013-02-19T10:32:24","guid":{"rendered":"http:\/\/blogs.noticiasdenavarra.com\/conacentohispano\/?p=264"},"modified":"2013-02-19T10:32:24","modified_gmt":"2013-02-19T10:32:24","slug":"obama-quiere-ser-el-presidente-usa-mas-europeo","status":"publish","type":"post","link":"https:\/\/blogs.noticiasdenavarra.com\/conacentohispano\/2013\/02\/19\/obama-quiere-ser-el-presidente-usa-mas-europeo\/","title":{"rendered":"Obama quiere ser el presidente USA m\u00e1s europeo"},"content":{"rendered":"<p>El reciente anuncio del inicio de negociaciones entre la\u00a0<strong>Uni\u00f3n Europea<\/strong>\u00a0y los\u00a0<strong>EE.UU.<\/strong>para alcanzar un acuerdo comercial birregional constituye probablemente la noticia econ\u00f3mica m\u00e1s importante desde el inicio de la crisis desencadenada con la quiebra de\u00a0<strong>Lehman Brothers<\/strong>\u00a0en septiembre de 2008. Y no me cabe ninguna duda que esta voluntad de las dos principales potencias comerciales mundiales tiene todo que ver con la vulnerabilidad que sus econom\u00edas vienen mostrando en este lustro de dificultades. Una oportunidad para el encuentro que probablemente no se habr\u00eda producido de no contar la Casa Blanca con un inquilino decididamente europe\u00edsta y en su segundo mandato con la responsabilidad de pasar a la historia. De la misma forma que no ser\u00eda imaginable un acercamiento franco por parte de la UE de no ser por la ola de recesi\u00f3n que recorre sus Estados miembros. Los dos colosos asediados por sus problemas interiores y conscientes de la insoportable presi\u00f3n de competitividad que ejercen en un mercado globalizado las grandes potencias emergentes, han decidido montar su particular \u201cOTAN econ\u00f3mica\u201d.<\/p>\n<p>El presidente\u00a0<strong>Obama<\/strong>\u00a0utiliz\u00f3 el enorme poder simb\u00f3lico del discurso ante senadores y congresistas del Estado de la Uni\u00f3n para anunciar la puesta en marcha de negociaciones para una Asociaci\u00f3n Trasaltl\u00e1ntica UE \u2013 EE.UU. con el no poco ambicioso prop\u00f3sito de proporcionar un impulso a las dos principales econom\u00edas del mundo. Y fue m\u00e1s all\u00e1 al reconocer con total humildad que \u201cel comercio libre y justo a trav\u00e9s del Atl\u00e1ntico puede suponer la creaci\u00f3n de millones de empleos bien remunerados para los estadounidenses\u201d. Atr\u00e1s han quedado, pues, los tiempos en que las todopoderosas escuelas de negocios norteamericanas lanzaban duras diatribas contra el \u201cbunker europeo\u201d y dudaban de la viabilidad de la UE o de su moneda el euro. Las palabras de Obama formaban parte de un discurso que bien podr\u00edan haber pronunciado cualquiera de nuestros dirigentes europeos en defensa de nuestro modelo de Estado del bienestar. Alto contenido social en materia de educaci\u00f3n y sanidad y fuertes dosis de protecci\u00f3n social componen un lenguaje pol\u00edtico que acerca m\u00e1s aun el planteamiento de marco de convivencia entre las dos orillas.<\/p>\n<p><img decoding=\"async\" src=\"http:\/\/www.eurotribune.eu\/wp-content\/uploads\/2012\/10\/eu-us-flags.jpg\" alt=\"null\" \/><\/p>\n<p>La importancia del acuerdo de alcanzarse, se visualiza a trav\u00e9s de las cifras. Juntos la UE y los EE.UU. representan cerca de la mitad del PIB mundial (47%) y alrededor de un tercio de los intercambios comerciales mundiales. La econom\u00eda de la UE supone 12,6 billones de euros, mientras que la de EE.UU. 11,5 frente a los 5 billones de\u00a0<strong>China<\/strong>\u00a0o los 2,3 de\u00a0<strong>Jap\u00f3n<\/strong>. Cada d\u00eda se comercian entre las dos regiones productos y servicios por valor de 2.000 millones de euros en un espacio hoy en d\u00eda repleto de limitaciones normativas y barreras arancelarias. \u00bfAlguien se atreve a aventurar una cifra futura con un acuerdo s\u00f3lido de libre comercio entre ambos? No cabe duda que el comercio ha sido la herramienta hist\u00f3rica que m\u00e1s ha hecho en la humanidad por la libre circulaci\u00f3n de las ideas y que m\u00e1s ha contribuido al conocimiento mutuo entre las personas. Facilitar al m\u00e1ximo las transacciones entre Europa y Estados Unidos va a suponer,\u00a0 sin duda, un nuevo tipo de relaci\u00f3n y de colaboraci\u00f3n entre las dos sociedades m\u00e1s desarrolladas del mundo.<\/p>\n<p>Las negociaciones se centrar\u00e1n en el acceso a los mercados, la reglamentaci\u00f3n y las barreras arancelarias y normativas, pero tendr\u00e1n una enorme importancia los acuerdos que se establezcan en materia de propiedad intelectual y de seguridad alimentaria o de protecci\u00f3n mediambiental. Ni que decir tiene que en temas de tan enorme calado como los apuntados, hoy en d\u00eda existen notables diferencias de planteamientos pol\u00edticos y legislativos en los dos espacios. Pero probablemente en recorrer el camino m\u00e1s progresista en ellos est\u00e1 la base del \u00e9xito del acuerdo. No se trata de rebajar garant\u00edas para el ciudadano con el fin de comerciar m\u00e1s. Debemos aspirar a hacerlo mejor, a ser m\u00e1s europeos en aquello que Europa hace mejor y m\u00e1s estadounidenses en lo que ellos nos mejoran. Lograr la confianza del consumidor a largo plazo en esta relaci\u00f3n ser\u00e1 el elemento m\u00e1s gratificante para todos.<\/p>\n<p>Una negociaci\u00f3n de tan enorme calado no estar\u00e1 exenta de proporcionales dificultades y m\u00e1s a\u00fan si pensamos en las consecuencias que para las grandes potencias emergentes puede tener. Este aspecto externo del acuerdo debe ser tenido en cuenta desde el principio con un planteamiento abierto y globalizado del comercio mundial. Ser\u00eda tan absurdo como ileg\u00edtimo que el mayor bloque comercial del mundo actuase a la defensiva como una especia de blindaje ante los supuestos ataques de los tigres asi\u00e1ticos o latinoamericanos. El acuerdo debe servir para poner las bases de un mercado mundial de comercio m\u00e1s libre, pero sobre todo, m\u00e1s equitativo. Europa y Estados Unidos deben fijar reglas claras de comercio que fomenten el desarrollo de los m\u00e1s necesitados, de la misma forma que deben controlar que ese progreso se fundamente en la competitividad de empresas que produzcan respetando la propiedad intelectual y con normas laborales dignas. Blindarnos del plagio, el trabajo infrahumano o el que atenta contra la sostenibilidad medioambiental del planeta, no solo es un derecho de europeos y estadounidenses, sino una obligaci\u00f3n con el resto de la humanidad. Encerrarnos en un club de ricos para tratar de recobrar posiciones neocolonialistas ser\u00eda repetir delitos de conquista de otros siglos.<\/p>\n<p>Es cierto que la UE y los EE.UU. llegamos urgidos y necesitados a la mesa de negociaci\u00f3n. Tal vez por eso el acuerdo desde bases muy realistas sea m\u00e1s posible que nunca. La verdad es que abrirnos al Atl\u00e1ntico una vez m\u00e1s puede ser la mejor f\u00f3rmula para Europa de abandonar sus fantasmas interiores, los disensos m\u00e1s profundos en el dise\u00f1o de construcci\u00f3n de la UE. Sin ir m\u00e1s lejos el acuerdo Transatl\u00e1ntico deja en una posici\u00f3n realmente inc\u00f3moda al\u00a0<strong>Reino Unido<\/strong>\u00a0tras el anuncio de su premier David\u00a0<strong>Cameron<\/strong>\u00a0de realizar un refer\u00e9ndum sobre la permanencia o salida de la Uni\u00f3n de los brit\u00e1nicos en 2017. Tal vez para entonces ese debate sea est\u00e9ril y se zanje definitivamente la esquizofrenia brit\u00e1nica entre una regi\u00f3n y otra. De cualquier forma, los espacios de democracia y respeto de los derechos humanos m\u00e1s grandes del mundo se van a sentar a hablar para colaborar m\u00e1s y mejor. Una noticia que no puede ser sino bienvenida, pero que debe seguirse con luz y taqu\u00edgrafo dada su trascendencia para no traicionar a la postre las bondades intr\u00ednsecas que el acuerdo debe tener.<\/p>\n<p><img decoding=\"async\" src=\"http:\/\/espacioseuropeos.com\/wp-content\/uploads\/2013\/02\/Obama-Barroso-y-Herman-Van-Rompuy.jpg\" alt=\"null\" \/><\/p>\n","protected":false},"excerpt":{"rendered":"<p>El reciente anuncio del inicio de negociaciones entre la\u00a0Uni\u00f3n Europea\u00a0y los\u00a0EE.UU.para alcanzar un acuerdo comercial birregional constituye probablemente la noticia econ\u00f3mica m\u00e1s importante desde el inicio de la crisis desencadenada con la quiebra de\u00a0Lehman Brothers\u00a0en septiembre de 2008. Y no me cabe ninguna duda que esta voluntad de las dos principales potencias comerciales mundiales tiene &hellip; <a href=\"https:\/\/blogs.noticiasdenavarra.com\/conacentohispano\/2013\/02\/19\/obama-quiere-ser-el-presidente-usa-mas-europeo\/\" class=\"more-link\">Sigue leyendo <span class=\"screen-reader-text\">Obama quiere ser el presidente USA m\u00e1s europeo<\/span><\/a><\/p>\n","protected":false},"author":70,"featured_media":0,"comment_status":"open","ping_status":"open","sticky":false,"template":"","format":"standard","meta":{"footnotes":""},"categories":[4],"tags":[408,544,398,1749,518,609,413,389],"class_list":["post-264","post","type-post","status-publish","format-standard","hentry","category-sin-categoria","tag-cameron","tag-china","tag-ee-uu","tag-japon","tag-lehman-brothers","tag-obama","tag-reino-unido","tag-ue"],"_links":{"self":[{"href":"https:\/\/blogs.noticiasdenavarra.com\/conacentohispano\/wp-json\/wp\/v2\/posts\/264","targetHints":{"allow":["GET"]}}],"collection":[{"href":"https:\/\/blogs.noticiasdenavarra.com\/conacentohispano\/wp-json\/wp\/v2\/posts"}],"about":[{"href":"https:\/\/blogs.noticiasdenavarra.com\/conacentohispano\/wp-json\/wp\/v2\/types\/post"}],"author":[{"embeddable":true,"href":"https:\/\/blogs.noticiasdenavarra.com\/conacentohispano\/wp-json\/wp\/v2\/users\/70"}],"replies":[{"embeddable":true,"href":"https:\/\/blogs.noticiasdenavarra.com\/conacentohispano\/wp-json\/wp\/v2\/comments?post=264"}],"version-history":[{"count":1,"href":"https:\/\/blogs.noticiasdenavarra.com\/conacentohispano\/wp-json\/wp\/v2\/posts\/264\/revisions"}],"predecessor-version":[{"id":265,"href":"https:\/\/blogs.noticiasdenavarra.com\/conacentohispano\/wp-json\/wp\/v2\/posts\/264\/revisions\/265"}],"wp:attachment":[{"href":"https:\/\/blogs.noticiasdenavarra.com\/conacentohispano\/wp-json\/wp\/v2\/media?parent=264"}],"wp:term":[{"taxonomy":"category","embeddable":true,"href":"https:\/\/blogs.noticiasdenavarra.com\/conacentohispano\/wp-json\/wp\/v2\/categories?post=264"},{"taxonomy":"post_tag","embeddable":true,"href":"https:\/\/blogs.noticiasdenavarra.com\/conacentohispano\/wp-json\/wp\/v2\/tags?post=264"}],"curies":[{"name":"wp","href":"https:\/\/api.w.org\/{rel}","templated":true}]}}