{"id":251,"date":"2013-01-22T00:04:04","date_gmt":"2013-01-22T00:04:04","guid":{"rendered":"http:\/\/blogs.noticiasdenavarra.com\/conacentohispano\/?p=251"},"modified":"2013-01-22T00:04:04","modified_gmt":"2013-01-22T00:04:04","slug":"el-mal-ejemplo-europeo-de-la-intervencion-en-mali","status":"publish","type":"post","link":"https:\/\/blogs.noticiasdenavarra.com\/conacentohispano\/2013\/01\/22\/el-mal-ejemplo-europeo-de-la-intervencion-en-mali\/","title":{"rendered":"El mal ejemplo europeo de la intervenci\u00f3n en Mal\u00ed"},"content":{"rendered":"<p>Entristece constatar una vez m\u00e1s que la\u00a0<strong>Uni\u00f3n Europea<\/strong>\u00a0es un pigmeo pol\u00edtico en la escena internacional, sobre todo cuando toca pasar de la diplomacia comercial a acci\u00f3n exterior de defensa. El gigante econ\u00f3mico se encoge y averg\u00fcenza si las decisiones suponen costes que las opiniones p\u00fablicas de sus Estados no est\u00e1n dispuestas a asumir. Ante las amenazas que rodean a escasos miles de kil\u00f3metros las fronteras de nuestro bunker del bienestar, cada cual mira para otro lado evadiendo la responsabilidad de una tarea com\u00fan. Acogi\u00e9ndonos al bochornoso pasado colonial de cada uno, encasquetamos las misiones a la antigua potencia de ocupaci\u00f3n como si los siglos de emancipaci\u00f3n no contaran para nada. El \u00faltimo mal ejemplo no lo est\u00e1 granjeando la intervenci\u00f3n militar unilateral francesa en la rep\u00fablica de \u00c1frica occidental de\u00a0<strong>Mal\u00ed<\/strong>. M\u00e1s pruebas de incoherencia pol\u00edtica, deslealtad entre socios y vulneraci\u00f3n de las normas internacionales, resulta dif\u00edcil de encontrar.<\/p>\n<p>Que la pol\u00edtica de defensa y seguridad no constituye un pilar com\u00fan de la UE y que simplemente se queda en declaraciones de deseos futuribles inalcanzables en la pr\u00e1ctica, es una realidad conocida. Pero, sin embargo, algunos nos las promet\u00edamos felices cuando con la r\u00fabrica del Tratado de Lisboa, los l\u00edderes europeos decid\u00edan dar un paso de gigante creando el\u00a0<strong>SEAE<\/strong>\u00a0(Servicio Europeo de Acci\u00f3n Exterior) y pon\u00eda al frente de este monstruo diplom\u00e1tico a la brit\u00e1nica Catherine\u00a0<strong>Ashton<\/strong>. Tener una sola voz en el contexto internacional y en el d\u00eda a d\u00eda de los conflictos mundiales parec\u00eda suficiente garant\u00eda para avanzar en el hasta ahora arduo objetivo de tener capacidad de reacci\u00f3n y protagonismo activo como la gran potencia que se pretende ser. Y debemos reconocer que en materia comercial y de intercambio y transferencia de conocimiento y tecnolog\u00eda la nueva diplomacia europea rinde a buen ritmo. Ha sido capaz de agilizar negociaciones estancadas durante d\u00e9cadas, ha abierto mercados de econom\u00edas emergentes e incluso se puede reconocer que en las crisis internacionales m\u00e1s recientes como lo ha sido el fen\u00f3meno de la llamada primavera \u00e1rabe, ha logrado evitar la tradicional cacofon\u00eda de los Estados miembros.<\/p>\n<p><img loading=\"lazy\" decoding=\"async\" src=\"http:\/\/www.diario-octubre.com\/wp-content\/uploads\/2013\/01\/mali-articleLarge-v3.jpg\" alt=\"null\" width=\"396\" height=\"244\" \/><\/p>\n<p>Pero, \u00bfde qu\u00e9 nos valen tales avances si en intervenciones como la de Mal\u00ed quedan al descubierto todas nuestras miserias pol\u00edticas? Si analizamos el caso con un poco de frialdad, nos daremos cuenta de que re\u00fane todos los requisitos para justificar una acci\u00f3n de intervenci\u00f3n internacional y, visto desde la estricta \u00f3ptica europea, tales argumentos se duplican en razones. En primer lugar, la amenaza es cierta y declarada, la ofensiva de las milicias yihadistas busca ocupar un territorio clave en la geoestrategia de la regi\u00f3n africana y desestabilizar al vecino del norte,\u00a0<strong>Argelia<\/strong>. Muchas de las reservas energ\u00e9ticas y de materias primas cuyo suministro es b\u00e1sico para las econom\u00edas europeas, est\u00e1 en juego en la zona de conflicto. Desde el punto de vista humanitario, como nos ha demostrado el reciente secuestro y posterior tragedia en v\u00edctimas de la planta de gas en In Amenas, proteger la vida de ciudadanos europeos que desarrollan su actividad profesional en estos pa\u00edses es una obligaci\u00f3n de la UE. Y, por supuesto, interponer un contingente militar cualificado en la zona b\u00e9lica es fundamental para tratar de evitar las masacres indiscriminadas que estos grupos extremistas pueden llevar a cabo entre la poblaci\u00f3n civil.<\/p>\n<p>A\u00a0<strong>Francia<\/strong>\u00a0le amparan poderosas razones para intervenir en Mal\u00ed, las mismas con las que deb\u00eda haber convencido a sus socios europeos para alcanzar un acuerdo conjunto que presionara a la comunidad internacional para llevar a cabo una misi\u00f3n de Naciones Unidas que contara con todos los requisitos de legalidad necesarios. Es evidente que en este caso el enemigo aprovecha los tiempos empleados por la diplomacia internacional para progresar en su ofensiva y con ello incrementar gravemente el riesgo para Europa. Pero la misma agilidad con que se ha puesto en marcha la operaci\u00f3n militar gala, no se ha empleado para reunir de urgencia a los jefes de gobierno europeos en consejo extraordinario. Cabe tambi\u00e9n, por tanto, censurar la conducta del presidente\u00a0<strong>Van Rompuy<\/strong>\u00a0tan \u00e1gil en algunos momentos de la crisis del euro urgido por la\u00a0<strong>Alemania<\/strong>\u00a0de la canciller<strong>Merkel<\/strong>\u00a0y tan poco sensible a las solicitudes de la\u00a0<strong>Francia<\/strong>\u00a0del presidente\u00a0<strong>Hollande<\/strong>.<\/p>\n<p>De la actitud del resto de socios mejor ni hablar porque ralla en la indecencia. Sirva como ejemplo l\u00edmite de indignidad la del gobierno espa\u00f1ol que por boca de su ministro de Exteriores,\u00a0<strong>Garc\u00eda Margallo<\/strong>\u00a0\u2013 con m\u00e1s motivo ex eurodiputado \u00e9l \u2013 narr\u00f3 con todo lujo de detalles los enormes riesgos que la ofensiva yihadista supon\u00eda para los espa\u00f1oles, para a continuaci\u00f3n detallar la ingente ayuda de<strong>Espa\u00f1a<\/strong>\u00a0en la operaci\u00f3n en Mal\u00ed concretada en el permiso concedido a la aviaci\u00f3n gala en el espacio a\u00e9reo espa\u00f1ol y la participaci\u00f3n de una aeronave de transporte del ej\u00e9rcito espa\u00f1ol. Con socios as\u00ed casi no hacen falta enemigos y desde luego cuando empiecen a repatriar cad\u00e1veres de militares franceses ca\u00eddos en la zona de conflicto, sus familiares no podr\u00e1n olvidar la enorme generosidad con que el resto de los europeos les estamos ayudando a combatir.<\/p>\n<p>Haber cedido el papel de gendarme mundial a\u00a0<strong>Estados Unidos<\/strong>\u00a0no solo nos resulta muy caro, sino que se est\u00e1 demostrando que ha sumido a nuestras sociedades en un letargo id\u00edlico de pacifismo avestruz. Un tic mim\u00e9tico en todos los Estados miembros salvo el\u00a0<strong>Reino Unido<\/strong>, tradicionalmente movilizable en defensa de lo propio, que impide vislumbrar el riesgo si este reconocimiento lleva parejo el sacrificio nacional en vidas humanas. Somos cada vez m\u00e1s un ni\u00f1o gigante, una especie de cr\u00edo mal educado que no para de crecer sin querer abandonar su infancia. As\u00ed nos ve el mundo, sumidos en esa paradoja de una poblaci\u00f3n avejentada que no es capaz de madurar y ocuparse de las responsabilidades que el contexto internacional nos depara. Tal vez nos sigue pesando demasiado nuestra memoria tr\u00e1gica de haber sido causantes de dos guerras mundiales y cientos de guerras civiles en nuestra historia como para ser conscientes de que la seguridad del mundo nos necesita.<\/p>\n<p><img decoding=\"async\" src=\"http:\/\/www.cuatro.com\/informativos\/internacional\/Mali-Francois_Hollande-Al_Qaeda_MDSIMA20130116_0307_10.jpg\" alt=\"null\" \/><\/p>\n","protected":false},"excerpt":{"rendered":"<p>Entristece constatar una vez m\u00e1s que la\u00a0Uni\u00f3n Europea\u00a0es un pigmeo pol\u00edtico en la escena internacional, sobre todo cuando toca pasar de la diplomacia comercial a acci\u00f3n exterior de defensa. El gigante econ\u00f3mico se encoge y averg\u00fcenza si las decisiones suponen costes que las opiniones p\u00fablicas de sus Estados no est\u00e1n dispuestas a asumir. Ante las &hellip; <a href=\"https:\/\/blogs.noticiasdenavarra.com\/conacentohispano\/2013\/01\/22\/el-mal-ejemplo-europeo-de-la-intervencion-en-mali\/\" class=\"more-link\">Sigue leyendo <span class=\"screen-reader-text\">El mal ejemplo europeo de la intervenci\u00f3n en Mal\u00ed<\/span><\/a><\/p>\n","protected":false},"author":70,"featured_media":0,"comment_status":"open","ping_status":"open","sticky":false,"template":"","format":"standard","meta":{"footnotes":""},"categories":[4],"tags":[407,1804,1805,398,475,409,421,455,1806,411,413,1807,389,584],"class_list":["post-251","post","type-post","status-publish","format-standard","hentry","category-sin-categoria","tag-alemania","tag-argelia","tag-ashton","tag-ee-uu","tag-espana","tag-francia","tag-garcia-margallo","tag-hollande","tag-mali","tag-merkel","tag-reino-unido","tag-seae","tag-ue","tag-van-rompuy"],"_links":{"self":[{"href":"https:\/\/blogs.noticiasdenavarra.com\/conacentohispano\/wp-json\/wp\/v2\/posts\/251","targetHints":{"allow":["GET"]}}],"collection":[{"href":"https:\/\/blogs.noticiasdenavarra.com\/conacentohispano\/wp-json\/wp\/v2\/posts"}],"about":[{"href":"https:\/\/blogs.noticiasdenavarra.com\/conacentohispano\/wp-json\/wp\/v2\/types\/post"}],"author":[{"embeddable":true,"href":"https:\/\/blogs.noticiasdenavarra.com\/conacentohispano\/wp-json\/wp\/v2\/users\/70"}],"replies":[{"embeddable":true,"href":"https:\/\/blogs.noticiasdenavarra.com\/conacentohispano\/wp-json\/wp\/v2\/comments?post=251"}],"version-history":[{"count":2,"href":"https:\/\/blogs.noticiasdenavarra.com\/conacentohispano\/wp-json\/wp\/v2\/posts\/251\/revisions"}],"predecessor-version":[{"id":253,"href":"https:\/\/blogs.noticiasdenavarra.com\/conacentohispano\/wp-json\/wp\/v2\/posts\/251\/revisions\/253"}],"wp:attachment":[{"href":"https:\/\/blogs.noticiasdenavarra.com\/conacentohispano\/wp-json\/wp\/v2\/media?parent=251"}],"wp:term":[{"taxonomy":"category","embeddable":true,"href":"https:\/\/blogs.noticiasdenavarra.com\/conacentohispano\/wp-json\/wp\/v2\/categories?post=251"},{"taxonomy":"post_tag","embeddable":true,"href":"https:\/\/blogs.noticiasdenavarra.com\/conacentohispano\/wp-json\/wp\/v2\/tags?post=251"}],"curies":[{"name":"wp","href":"https:\/\/api.w.org\/{rel}","templated":true}]}}