{"id":234,"date":"2012-11-30T11:18:38","date_gmt":"2012-11-30T11:18:38","guid":{"rendered":"http:\/\/blogs.noticiasdenavarra.com\/conacentohispano\/?p=234"},"modified":"2012-11-30T11:18:38","modified_gmt":"2012-11-30T11:18:38","slug":"cataluna-o-la-dificultad-de-surfear-un-tsunami","status":"publish","type":"post","link":"https:\/\/blogs.noticiasdenavarra.com\/conacentohispano\/2012\/11\/30\/cataluna-o-la-dificultad-de-surfear-un-tsunami\/","title":{"rendered":"Catalu\u00f1a o la dificultad de surfear un tsunami"},"content":{"rendered":"<p>Algunos se empe\u00f1aron en presentar la elecciones anticipadas en\u00a0<strong>Catalu\u00f1a<\/strong>\u00a0como una especie de prerefer\u00e9ndum del refer\u00e9ndum sobre el derecho a decidir de los catalanes. Demasiado rebuscado para una sociedad que est\u00e1 harta de que la utilicen pol\u00edticamente para intereses particulares muy alejados de los problemas cotidianos de los comunes mortales. Pero el caso es que el \u00f3rdago montado entorno a la manifestaci\u00f3n de la Diada del pasado septiembre provoc\u00f3 un tsunami social de imprevisibles consecuencias que ha derivado en un enloquecido mapa pol\u00edtico a la vuelta de los comicios. Siete fuerzas pol\u00edticas en un Parlament mucho m\u00e1s fragmentado que el saliente de las elecciones de 2010, donde resulta dif\u00edcil realizar an\u00e1lisis certeros de lo que la sociedad catalana demanda de sus pol\u00edticos y mucho m\u00e1s complejo a\u00fan extraer conclusiones del camino a seguir por unos y otros partidos. Est\u00e1 claro que eso de subirse a la ola en el momento en que \u00e9sta te permite surfearla y llegar en pie a las arenas de la playa, en pol\u00edtica no es tan f\u00e1cil como alguno quiso creer. Supongo que Mas de uno estar\u00e1 pensando que la improvisaci\u00f3n no es buena consejera cuando lo que se le est\u00e1 planteando a un pueblo es su independencia mientras tiene serias dificultades para llegar a fin de meses y los servicios sociales b\u00e1sicos, l\u00e9ase educaci\u00f3n o sanidad, ven en riesgo su viabilidad a base de recortes.<\/p>\n<p>Todo adelanto electoral, se quiera o no, es una cr\u00f3nica de un fracaso porque el mandato de los electores es conformar mayor\u00edas que hagan posible la gobernabilidad el tiempo para el que han sido elegidos. Este es el primero de los errores cometidos por el president<strong>\u00a0Mas<\/strong>\u00a0cuando convoc\u00f3 los comicios a mitad de legislatura, sin aparentes motivos capaces de ser comprendidos por la ciudadan\u00eda. La necesidad de un pacto fiscal que garantice la financiaci\u00f3n de Catalu\u00f1a en el Estado espa\u00f1ol no era argumento suficiente, toda vez que<strong>Convergencia i Uni\u00f3<\/strong>\u00a0hab\u00eda logrado la aprobaci\u00f3n de sus presupuestos en Catalu\u00f1a con los votos del<strong>\u00a0Partido Popular<\/strong>\u00a0y, adem\u00e1s, en los 30 a\u00f1os de democracia esa reivindicaci\u00f3n ha sido una y otra vez aparcada por CiU a cambio de mejoras en la cuant\u00eda de la financiaci\u00f3n desde Madrid. Se trataba, pues, de encontrar objetivos de m\u00e1s amplio calado capaces de movilizar a Catalu\u00f1a hacia una mayor\u00eda absoluta de Artur Mas. La gran manifestaci\u00f3n de la Diada convenci\u00f3 al president de la necesidad de un salto cualitativo en la oferta electoral nacionalista. La independencia ya no era solo un credo futurista de los convergentes sino que se convert\u00eda en el adn existencial. Liderar un proceso social que se cre\u00eda mayoritario se convirti\u00f3 en el centro de todas las miradas y en el escenario de todas las batallas. El plebiscito nacionalistas\/constitucionalistas estaba servido y no era la primera vez que ocurr\u00eda en el Estado espa\u00f1ol, pues, el<strong>PNV<\/strong>\u00a0ya vivi\u00f3 similar circunstancia con el lehendakari\u00a0<strong>Ibarretxe<\/strong>\u00a0y su frustrado plan de asociaci\u00f3n con\u00a0<strong>Espa\u00f1a<\/strong>.<\/p>\n<p><img loading=\"lazy\" decoding=\"async\" src=\"http:\/\/images.eldiario.es\/politica\/CDC-afronta-embargada-ITV-abierto_EDIIMA20121113_0110_14.jpg\" alt=\"null\" width=\"450\" height=\"253\" \/><\/p>\n<p>Mas acud\u00eda a las urnas alentado por unas encuestas tan err\u00f3neas que su responsable ha dimitido al amanecer del d\u00eda despu\u00e9s de las elecciones, seguro de mejorar el resultado de 2010 que aunque no alcanzara la mayor\u00eda absoluta le permitir\u00eda gobernar otros cuatro a\u00f1os de manera holgada y formular la propuestas independentistas sin las prisas ni las presiones de\u00a0<strong>Esquerra Republicana<\/strong>. La t\u00e1ctica se impon\u00eda a la estrategia y las necesidades eran m\u00e1s que las virtudes. Por medio una campa\u00f1a dur\u00edsima contra su persona con todo tipo de insultos y descr\u00e9ditos incluidas tremendas acusaciones en la cloaquera prensa madrile\u00f1a de cuentas en\u00a0<strong>Suiza<\/strong>\u00a0y\u00a0<strong>Liechtenstein<\/strong>\u00a0de \u00e9l, su familia y de la del ex president Jordi<strong>Pujol<\/strong>. A nadie debiera sorprenderle este tipo de juego sucio cuando lo que est\u00e1 hipot\u00e9ticamente en juego es la escisi\u00f3n de una parte de un Estado. Que Espa\u00f1a defender\u00eda su posici\u00f3n inamovible de una, grande y libre para los que se sientan exclusivamente espa\u00f1oles es algo que tendr\u00eda que haber tenido m\u00e1s que calculado CiU cuando tomo el decidido camino independentista. De otra forma, tal vez el problema es que ni estaba trazada adecuadamente la hoja de ruta, ni las consecuencias de su fracaso en alg\u00fan punto y cuando alguien pisa el acelerador en una cuesti\u00f3n tan sensible no basta con tener plan B,, ni siquiera plan C.<\/p>\n<p>Es dif\u00edcil saber qu\u00e9 motivos han llevado a los catalanes a castigar a CiU y especialmente a Artur Mas tan severamente, pero yo me atrevo a apuntar cuatro cuestiones:<\/p>\n<p>1.- La credibilidad de la oferta independentista de Mas y CiU era menor por ser la marca blanda nacionalista que la de ERC de siempre defensora de esta v\u00eda r\u00e1pida. Por tanto, puestos a ser independientes muchos debieron pensar que apoyando a Esquerra lo ser\u00edan m\u00e1s r\u00e1pido.<\/p>\n<p>2. Los tremendos recortes del govern de Mas en materias de amplio calado social pasan la misma factura que a todos los gobiernos que los han llevado a cabo y han pasado por las urnas. En otras palabras, la apuesta por la independencia no sirve de b\u00e1lsamo milagroso para perder la memoria de los derechos atacados.<\/p>\n<p>3.- El portazo dado con contundentes declaraciones de los miembros de la Comisi\u00f3n Europea, con su presidente\u00a0<strong>Barroso<\/strong>\u00a0al frente, a los afanes de Mas de ser Estado de la<strong>\u00a0UE<\/strong>, han dejado en evidencia la falta de un trabajo previo clave ante las instituciones europeas al modo que lo han venido haciendo en los \u00faltimos a\u00f1os los mandatarios escoceses dirigidos por Alex\u00a0<strong>Salmond<\/strong>. El temor a quedarse fuera, en tierra de nadie, tambi\u00e9n ha supuesto un duro rev\u00e9s para los intereses del president.<\/p>\n<p>4.- La dura campa\u00f1a de desprestigio ha podido calar por que en los entornos de CiU la corrupci\u00f3n ha estado presente en sucesivos y diversos casos de financiaci\u00f3n ilegal y enriquecimiento personal il\u00edcito en buena parte de su historia. Llov\u00eda sobre mojado y hacia falta poco que demostrar para que la siembra de rumores se convirtiera en una media verdad.<\/p>\n<p>Sea como fuere, lo importante ahora es tratar de vislumbrar el incierto futuro que depara la pol\u00edtica catalana. Hay que empezar por decir que con este resultado realmente no ha ganado nadie. Mal hace Madrid pensando que se ha frenado el af\u00e1n independentista cuando seg\u00fan como quiera hacer uno los n\u00fameros pero en el menor de los casos el apoyo a la independencia de las fuerzas del nuevo Parlament superar\u00eda el 70%. P\u00edrrica victoria creer que con esos ratios se ha frenado la voluntad popular que una y otra vez le est\u00e1 diciendo a Espa\u00f1a que quiere marcharse. La trampa permanente, unas veces recurriendo al Tribunal Constitucional para replantear un Estatut votado por los catalanes o al Congreso de los Diputados para dar portazo a cualquier propuesta de pacto fiscal, est\u00e1 totalmente agotada y de seguir en ese empe\u00f1o lo \u00fanico que est\u00e1 logrando el gobierno central es acelerar la suma de voluntades independentistas. Pero tambi\u00e9n hacen mal los m\u00e1s radicales nacionalistas catalanes en alardear de estos resultados. Deber\u00edan recordar que gobernaron durante ocho a\u00f1os en Catalu\u00f1a en un govern tripartito presidido por el\u00a0<strong>PSC<\/strong>\u00a0\u2013 Partido de los Socialistas de Catalu\u00f1a \u2013 y acompa\u00f1ados por\u00a0<strong>ICV<\/strong>\u00a0\u2013 Iniciativa per Catalunya y los Verdes \u2013 y la escasez de logros hacia la independencia fue manifiesta, as\u00ed como su balance de gesti\u00f3n econ\u00f3mica poco edificante.<\/p>\n<p>Con un PSC en ca\u00edda libre, con guerras internas y asolado por la corrupci\u00f3n, el \u00fanico socio que le queda Artur Mas es ERC que seguro tratar\u00e1 de controlar el camino independentistas de CiU desde fuera del gobierno y que asumir\u00e1 el liderazgo de la oposici\u00f3n catalana contra las pol\u00edticas de ajuste que Mas pretende seguir llevando a cabo. M\u00e1s que un amigo, pues, pueden convertirse de la noche al d\u00eda en el peor enemigo. Claro que la otra opci\u00f3n todav\u00eda suena peor, ya que consistir\u00eda en acudir con el rabo entre las piernas a Moncloa para rogar al presidente Rajoy apoyo en el Parlament como ya sucediera en la legislatura anterior. El descr\u00e9dito ser\u00eda supino y Mas habr\u00eda firmado su sentencia de muerte pol\u00edtica. Por tanto, a Convergencia i Uni\u00f3 solo le queda la opci\u00f3n de aceptar el apoyo en la investidura de ERC y tratar de gobernar a duras penas, haciendo equilibrios que se antojan imposibles entre fuerzas antag\u00f3nicas que pretender\u00e1n a cada paso debilitar al president Mas para provocar su definitiva ca\u00edda. De fracasar el intento, mucho me temo que podr\u00edamos estar en la antesala de unas nuevas elecciones anticipadas en breve plazo con un candidato convergente nuevo como \u00faltimo recurso para tratar de salir del laberinto en que ellos mismos se han metido y han metido a Catalu\u00f1a.<\/p>\n<p><img loading=\"lazy\" decoding=\"async\" src=\"http:\/\/1.bp.blogspot.com\/-esfaIHOFV9Y\/UGIQzHvF96I\/AAAAAAAAAIc\/GBNp--yHnew\/s1600\/parlament-de-catalunya.jpg\" alt=\"null\" width=\"454\" height=\"340\" \/><\/p>\n","protected":false},"excerpt":{"rendered":"<p>Algunos se empe\u00f1aron en presentar la elecciones anticipadas en\u00a0Catalu\u00f1a\u00a0como una especie de prerefer\u00e9ndum del refer\u00e9ndum sobre el derecho a decidir de los catalanes. Demasiado rebuscado para una sociedad que est\u00e1 harta de que la utilicen pol\u00edticamente para intereses particulares muy alejados de los problemas cotidianos de los comunes mortales. Pero el caso es que el &hellip; <a href=\"https:\/\/blogs.noticiasdenavarra.com\/conacentohispano\/2012\/11\/30\/cataluna-o-la-dificultad-de-surfear-un-tsunami\/\" class=\"more-link\">Sigue leyendo <span class=\"screen-reader-text\">Catalu\u00f1a o la dificultad de surfear un tsunami<\/span><\/a><\/p>\n","protected":false},"author":70,"featured_media":0,"comment_status":"open","ping_status":"open","sticky":false,"template":"","format":"standard","meta":{"footnotes":""},"categories":[4],"tags":[582,641,1448,1450,475,1744,1451,1790,1705,240,241,1449,1792,484,539,389],"class_list":["post-234","post","type-post","status-publish","format-standard","hentry","category-sin-categoria","tag-barroso","tag-cataluna","tag-ciu","tag-erc","tag-espana","tag-ibarretxe","tag-icv","tag-liechtenstein","tag-mas","tag-pnv","tag-pp","tag-psc","tag-pujol","tag-salmond","tag-suiza","tag-ue"],"_links":{"self":[{"href":"https:\/\/blogs.noticiasdenavarra.com\/conacentohispano\/wp-json\/wp\/v2\/posts\/234","targetHints":{"allow":["GET"]}}],"collection":[{"href":"https:\/\/blogs.noticiasdenavarra.com\/conacentohispano\/wp-json\/wp\/v2\/posts"}],"about":[{"href":"https:\/\/blogs.noticiasdenavarra.com\/conacentohispano\/wp-json\/wp\/v2\/types\/post"}],"author":[{"embeddable":true,"href":"https:\/\/blogs.noticiasdenavarra.com\/conacentohispano\/wp-json\/wp\/v2\/users\/70"}],"replies":[{"embeddable":true,"href":"https:\/\/blogs.noticiasdenavarra.com\/conacentohispano\/wp-json\/wp\/v2\/comments?post=234"}],"version-history":[{"count":1,"href":"https:\/\/blogs.noticiasdenavarra.com\/conacentohispano\/wp-json\/wp\/v2\/posts\/234\/revisions"}],"predecessor-version":[{"id":235,"href":"https:\/\/blogs.noticiasdenavarra.com\/conacentohispano\/wp-json\/wp\/v2\/posts\/234\/revisions\/235"}],"wp:attachment":[{"href":"https:\/\/blogs.noticiasdenavarra.com\/conacentohispano\/wp-json\/wp\/v2\/media?parent=234"}],"wp:term":[{"taxonomy":"category","embeddable":true,"href":"https:\/\/blogs.noticiasdenavarra.com\/conacentohispano\/wp-json\/wp\/v2\/categories?post=234"},{"taxonomy":"post_tag","embeddable":true,"href":"https:\/\/blogs.noticiasdenavarra.com\/conacentohispano\/wp-json\/wp\/v2\/tags?post=234"}],"curies":[{"name":"wp","href":"https:\/\/api.w.org\/{rel}","templated":true}]}}