{"id":231,"date":"2012-11-20T10:17:42","date_gmt":"2012-11-20T10:17:42","guid":{"rendered":"http:\/\/blogs.noticiasdenavarra.com\/conacentohispano\/?p=231"},"modified":"2012-11-20T10:51:18","modified_gmt":"2012-11-20T10:51:18","slug":"la-identidad-del-ladrillo-compre-una-casa-para-ser-espanol","status":"publish","type":"post","link":"https:\/\/blogs.noticiasdenavarra.com\/conacentohispano\/2012\/11\/20\/la-identidad-del-ladrillo-compre-una-casa-para-ser-espanol\/","title":{"rendered":"La identidad del ladrillo: compre una casa para ser espa\u00f1ol"},"content":{"rendered":"<div>La ocurrencia la define el diccionario de la lengua espa\u00f1ola como la idea inesperada, pensamiento original o el dicho o hecho gracioso e ingenioso de una persona. Expresado as\u00ed no parece sem\u00e1nticamente contener maldad alguna el t\u00e9rmino, pero lo cierto es que las m\u00e1s de las veces el ocurrente no tiene la m\u00e1s m\u00ednima gracia y el problema es que por tener una oportunidad ante los focos medi\u00e1ticos, son muchos los protagonistas pol\u00edticos que se lanzan a provocar titulares agarrados f\u00e9rreamente a la feliz ocurrencia. Y como en todo, aquello que si cae mal a la audiencia dan en llamar \u201cglobo sonda\u201d, tiene su graduaci\u00f3n y es m\u00e1s o menos perdonable seg\u00fan la trascendencia del hecho que aborda la ocurrencia de turno. Esta vez ha tocado sobre un tema fundamental, que afecta a los derechos b\u00e1sicos de la persona, su identidad o en t\u00e9rminos m\u00e1s prosaicos, su nacionalidad. Ha sido el Secretario de Estado de Comercio, Jaime\u00a0<strong>Garc\u00eda-Legaz<\/strong>, el encargado de largar la propuesta \u201coriginal\u201d, como suele ser tradicional en un desayuno informativo de esos que a base de croissant y horario temprano, nadie pregunta y todos escuchan boquiabiertos con la lega\u00f1a puesta. En un intento por dar salida al ingente stock de viviendas hechas y por hacer sin comprador que asola la econom\u00eda espa\u00f1ola, este audaz e intr\u00e9pido libre pensador propone al mundo mundial que por la compra de un piso se le conceda la nacionalidad, eso s\u00ed siempre que se rasque el bolsillo al menos con 160.000 euros.<\/div>\n<div>En una palabra, lo que est\u00e1 estudiando el gobierno\u00a0<strong>Rajoy<\/strong>\u00a0es la compra de derechos, una especie de subasta de pisos con DNI en primera l\u00ednea de costa. Eso s\u00ed para que no parezca raro esto de vender la dignidad, se nos pone como edificantes ejemplos de nuestro entorno, los casos de\u00a0<strong>Irlanda<\/strong>\u00a0y\u00a0<strong>Portugal<\/strong>, rescatados ambos y que tambi\u00e9n han compartido la miseria humana de considerar patriota a cualquier \u00a0ciudadano que ponga sus dineros en su suelo o arcas. La oferta de adquisici\u00f3n de nacionalidad a cambio de ladrillo va dirigida seg\u00fan palabras del propio ocurrente a ciudadanos chinos y rusos deseosos de adquirir en propiedad una vivienda en las c\u00e1lidad costas espa\u00f1olas, pero que sin permiso de residencia y por qu\u00e9 no ya nacionalidad en toda regla, se ven privados de disfrutar debidamente de su inversi\u00f3n realizada. Pobres, pobres no parecen los destinatarios de la ocurrencia, porque los millones de pobres en\u00a0<strong>China<\/strong>\u00a0y en<strong>\u00a0Rusia<\/strong>bastante tienen con pensar en sobrevivir a la hambruna y la miseria como para pensar en el pisito en\u00a0<strong>Benidorm<\/strong>. Parece evidente, salvo para el peor ciego que es el que no quiere ver, que la oferta tiene a sus demandantes en fondos de inversi\u00f3n de dudosa procedencia en pa\u00edses cuando menos cuestionados por su escaso respeto a los derechos humanos. Al menos el presidente espa\u00f1ol podr\u00eda haber tenido la deferencia de ofrecerle la ganga inmobiliaria a la presidenta de<strong>\u00a0Brasil<\/strong>, Dilma\u00a0<strong>Rousseff<\/strong>, presente en la rueda de prensa de Moncloa donde Rajoy ratific\u00f3 estar estudiando la ocurrencia.<\/div>\n<p><img decoding=\"async\" src=\"http:\/\/www.doncomparador.com\/blog\/wp-content\/uploads\/2012\/07\/don-comparador-de-pisos-de-bancos-inversion-rusa-pk.jpg\" alt=\"null\" \/><\/p>\n<div>El\u00a0<strong>Partido Popular<\/strong>\u00a0que tiene entre sus credos la defensa a ultranza de la unidad nacional de la<strong>\u00a0Espa\u00f1a<\/strong>\u00a0indivisible, nos propone convertir la pen\u00ednsula en una peculiar \u201cTierra de patriotas\u201d, una suerte de reinvenci\u00f3n identitaria m\u00e1s basada en la creencia y el compromiso con la ferralla y el encofrado, que en valores democr\u00e1ticos y c\u00edvicos. Una especie de libre versi\u00f3n moderna de la conquista del Oeste y de los pioneros de\u00a0<strong>Estados Unidos<\/strong>\u00a0o el nacimiento de la naci\u00f3n australiana y neocelandesa a manos de delincuentes deportados de las islas brit\u00e1nicas. Como las mejores pel\u00edculas de vaqueros o de la mafia siciliana reinando en<strong>\u00a0Chicago<\/strong>. Claro que tampoco es novedad esta faceta del PP de renovar su credo nacional, pues, ellos de la mano del ex presidente\u00a0<strong>Aznar\u00a0<\/strong>extinguieron el servicio militar obligatorio y apostaron por un Ej\u00e9rcito profesional de inmigrantes mercenarios de bajo coste. Est\u00e1 claro que para algunos el inmigrante, antes que una persona con sus derechos, es un recurso que seg\u00fan su renta per c\u00e1pita puede alcanzar la nacionalidad en un d\u00eda o se le niega la asistencia sanitaria m\u00e1s b\u00e1sica. D\u00edgame cuanto dinero tiene en su cuenta corriente y le dir\u00e9 cu\u00e1ntos derechos tiene.<\/div>\n<div>Lo que repele a\u00fan m\u00e1s de la medida es que la<strong>\u00a0Uni\u00f3n Europea<\/strong>, ese espacio ejemplar que deber\u00eda ser de respeto de los derechos de las personas, est\u00e9 mirando a otro lado cuando legislaciones de sus Estados miembros conceden privilegios a golpe de talonario. Cuando el derecho de asilo se est\u00e1 denegando en algunos pa\u00edses europeos a personas de huyen de tragedias de todo tipo, bien sean b\u00e9licas o por hambruna, alguien en Bruselas tendr\u00eda que alzar la voz de la dignidad contra pol\u00edticas que tras la b\u00fasqueda de inversiones, lo que hacen es especular con la miseria humana y nos cuelan de rond\u00f3n el concepto como destino solo para ricos. Cabe destacar que ciudadano europeo es\u00a0toda persona que ostente la nacionalidad\u00a0de un Estado miembro\u00a0de la Uni\u00f3n Europea.\u00a0La ciudadan\u00eda de la Uni\u00f3n fue creada por el\u00a0<strong>Tratado de Maastricht<\/strong>\u00a0en 1992 y los ciudadanos de la Uni\u00f3n son titulares de los derechos y sujetos de los deberes previstos en el Tratado.\u00a0La importancia de la ciudadan\u00eda de la Uni\u00f3n radica en el hecho de que sus ciudadanos gozan de derechos aut\u00e9nticos al amparo del Derecho Comunitario Europeo. Los derechos principales que confiere la ciudadan\u00eda con arreglo a la Parte 2 del Tratado CE son los siguientes:\u00a0Derecho a circular y residir libremente en el territorio de los Estados miembros;\u00a0Derecho de sufragio\u00a0activo y pasivo en las elecciones al Parlamento Europeo\u00a0y municipales del Estado miembro en el que resida;\u00a0Derecho a la protecci\u00f3n de las autoridades diplom\u00e1ticas y consulares;\u00a0Derecho de petici\u00f3n ante el Parlamento Europeo; y\u00a0Derecho a dirigirse al Defensor del Pueblo.<\/div>\n<div>Si en la pol\u00edtica actual preocupa la falta de ideas, m\u00e1s deber\u00eda preocupar la industria de la ocurrencia, en este caso fruto de la \u201cFactor\u00eda\u00a0<strong>FAES<\/strong>\u201c, la Fundaci\u00f3n vinculada al PP cuyo m\u00e1ximo impulsor fue Jos\u00e9 Mar\u00eda Aznar, tratando de remedar el modelo alem\u00e1n de la Konrad\u00a0<strong>Adenauer<\/strong>. De sus filas han salido buena parte de los actuales dirigentes de nivel medio del Gobierno Rajoy, expertos en fabricar conceptos ocurrentes que la mayor\u00eda de las veces al trasladarse a la realidad suelen quedar en meras cortinas de humo o falsos debates. La necesidad de aportar ideas a los problemas que la sociedad debe afrontar deber\u00eda ser tomado con m\u00e1s rigor por aquellos que est\u00e1n llamados tarde o temprano o ejercer responsabilidades de direcci\u00f3n de un Estado.<\/div>\n<div>Parece que Espa\u00f1a ha optado por inducir a sus j\u00f3venes mejor formados a coger la maleta de la emigraci\u00f3n, a la par que abre las puertas de par en par a la nueva versi\u00f3n de la inmigraci\u00f3n ilegal. Mientras la inmigraci\u00f3n del hambre muere en pateras en el Estrecho, les ponemos pisos de 120 metros cuadrados y terrazas con vistas a ese mar de la tragedia a nuevos ricos de lejanas tierras. Hemos inventado el ciclo de exportar supuestos talentos e importar presuntos delincuentes. Lo alucinante del caso es que a los ocurrentes no se les caiga la cara de verg\u00fcenza de salir a contarlo. Y luego se extra\u00f1an de que millones de ciudadanos en<strong>\u00a0Catalu\u00f1a<\/strong>,\u00a0<strong>Euskadi,\u00a0Galicia<\/strong>\u00a0y<strong>\u00a0Canarias<\/strong>\u00a0quieran perder esta nacionalidad espa\u00f1ola de mercenarios.<\/div>\n<p><img loading=\"lazy\" decoding=\"async\" src=\"http:\/\/e2000madridnoticias.files.wordpress.com\/2007\/12\/inmigrantes-desembarcando-inmigrants-invaders.jpg\" alt=\"null\" width=\"467\" height=\"314\" \/><\/p>\n","protected":false},"excerpt":{"rendered":"<p>La ocurrencia la define el diccionario de la lengua espa\u00f1ola como la idea inesperada, pensamiento original o el dicho o hecho gracioso e ingenioso de una persona. Expresado as\u00ed no parece sem\u00e1nticamente contener maldad alguna el t\u00e9rmino, pero lo cierto es que las m\u00e1s de las veces el ocurrente no tiene la m\u00e1s m\u00ednima gracia &hellip; <a href=\"https:\/\/blogs.noticiasdenavarra.com\/conacentohispano\/2012\/11\/20\/la-identidad-del-ladrillo-compre-una-casa-para-ser-espanol\/\" class=\"more-link\">Sigue leyendo <span class=\"screen-reader-text\">La identidad del ladrillo: compre una casa para ser espa\u00f1ol<\/span><\/a><\/p>\n","protected":false},"author":70,"featured_media":0,"comment_status":"open","ping_status":"open","sticky":false,"template":"","format":"standard","meta":{"footnotes":""},"categories":[4],"tags":[1752,417,1781,391,637,641,1782,544,398,475,212,1783,511,1784,496,479,241,426,1785,462,1786,389],"class_list":["post-231","post","type-post","status-publish","format-standard","hentry","category-sin-categoria","tag-adenauer","tag-aznar","tag-bernidorm","tag-brasil","tag-canarias","tag-cataluna","tag-chicago","tag-china","tag-ee-uu","tag-espana","tag-euskadi","tag-faes","tag-galicia","tag-garcia-legaz","tag-irlanda","tag-portugal","tag-pp","tag-rajoy","tag-rousseff","tag-rusia","tag-tratado-maastricht","tag-ue"],"_links":{"self":[{"href":"https:\/\/blogs.noticiasdenavarra.com\/conacentohispano\/wp-json\/wp\/v2\/posts\/231","targetHints":{"allow":["GET"]}}],"collection":[{"href":"https:\/\/blogs.noticiasdenavarra.com\/conacentohispano\/wp-json\/wp\/v2\/posts"}],"about":[{"href":"https:\/\/blogs.noticiasdenavarra.com\/conacentohispano\/wp-json\/wp\/v2\/types\/post"}],"author":[{"embeddable":true,"href":"https:\/\/blogs.noticiasdenavarra.com\/conacentohispano\/wp-json\/wp\/v2\/users\/70"}],"replies":[{"embeddable":true,"href":"https:\/\/blogs.noticiasdenavarra.com\/conacentohispano\/wp-json\/wp\/v2\/comments?post=231"}],"version-history":[{"count":2,"href":"https:\/\/blogs.noticiasdenavarra.com\/conacentohispano\/wp-json\/wp\/v2\/posts\/231\/revisions"}],"predecessor-version":[{"id":233,"href":"https:\/\/blogs.noticiasdenavarra.com\/conacentohispano\/wp-json\/wp\/v2\/posts\/231\/revisions\/233"}],"wp:attachment":[{"href":"https:\/\/blogs.noticiasdenavarra.com\/conacentohispano\/wp-json\/wp\/v2\/media?parent=231"}],"wp:term":[{"taxonomy":"category","embeddable":true,"href":"https:\/\/blogs.noticiasdenavarra.com\/conacentohispano\/wp-json\/wp\/v2\/categories?post=231"},{"taxonomy":"post_tag","embeddable":true,"href":"https:\/\/blogs.noticiasdenavarra.com\/conacentohispano\/wp-json\/wp\/v2\/tags?post=231"}],"curies":[{"name":"wp","href":"https:\/\/api.w.org\/{rel}","templated":true}]}}