{"id":221,"date":"2012-10-20T16:35:36","date_gmt":"2012-10-20T16:35:36","guid":{"rendered":"http:\/\/blogs.noticiasdenavarra.com\/conacentohispano\/?p=221"},"modified":"2012-10-20T16:35:36","modified_gmt":"2012-10-20T16:35:36","slug":"consejo-europeo-de-otono-o-la-monotona-cronica-del-iv-reich","status":"publish","type":"post","link":"https:\/\/blogs.noticiasdenavarra.com\/conacentohispano\/2012\/10\/20\/consejo-europeo-de-otono-o-la-monotona-cronica-del-iv-reich\/","title":{"rendered":"Consejo Europeo de oto\u00f1o o la mon\u00f3tona cr\u00f3nica del IV Reich"},"content":{"rendered":"<p>La verdad es que desfilar al paso de la oca marcado por la inflexible jefa del regimiento, d\u00eda tras d\u00eda, semana tras semana y Consejo Europeo tras Consejo Europeo, ya cansa. Levantar la pierna hasta la altura del ombligo y mantener el equilibrio unos segundos para realizar el cansino movimiento mec\u00e1nicamente, ya duele. Escuchar c\u00f3mo marca el ritmo en perfecto alem\u00e1n, eins, zwei, eins, zwei, auf der linken Siete, auf der rechten Siete, ya agota. Que pase revista mirando el brillo de las botas de sus exhaustos soldaditos Estados miembros, repase la abotonadura de los ra\u00eddos uniformes de pa\u00edses con d\u00e9ficti y nos caiga su sempiterna bronca por no hacer los deberes de austeridad, ya aburre. Pero lo que resulta verdaderamente insoportable es que la Canciller\u00a0<strong>Merkel<\/strong>\u00a0reduzca la concepci\u00f3n de construcci\u00f3n europea a los intereses de unos cuantos millones de alemanes cortoplacistas y, sobre todo, que no tenga ni idea a que charca conduce a su sumiso ej\u00e9rcito de ocas tristes y desconsoladas. Si al menos supi\u00e9ramos que el IV Reich nos ofrece la tierra prometida y que Merkel es capaz de lograr que las aguas del Rhin se abran en dos para encontrar el man\u00e1 despu\u00e9s de esta horrible traves\u00eda del desierto que est\u00e1 resultando la crisis del euro, podr\u00edamos plantearnos si debemos escucharla, pero el mon\u00f3logo que ha impuesto en las instituciones europeas cada vez convence a menos y empieza a granjearse las fobias antigerm\u00e1nicas de muchos.<\/p>\n<p>El Consejo Europeo de oto\u00f1o celebrado esta semana en Bruselas ha vuelto a certificar la cr\u00f3nica de unas conclusiones anunciadas: se hace lo que dice Alemania y si se decide lo que no quiere Alemania, entonces se retrasa su cumplimiento o ni siquiera se cumple. Bajo el pacato argumento del que paga manda, Merkel nos quiere hacer creer que todo el proyecto de construcci\u00f3n europea de m\u00e1s de 50 a\u00f1os recientemente premiado con el Nobel de la Paz, se reduce a la contribuci\u00f3n actual de sus sufridos s\u00fabditos germanos para cubrir las coyunturales deudas de algunos Estados de la Uni\u00f3n Europea. Se le olvida a la l\u00edder teutona que este invento de unirnos para no matarnos tiene su origen en el holocausto por ellos provocado de la mano de unos dementes gobernantes nazis. Se le olvida que en un sano ejercicio de reconciliaci\u00f3n europea todos aplaudimos la ca\u00edda del muro, ese disparate de la humanidad. Se le olvida que durante los a\u00f1os de sacrificio para lograr una reunificaci\u00f3n de las dos alemanias todos miramos para otra parte cuando ellos incumpl\u00edan sistem\u00e1ticamente todos los criterios de convergencia para poder instaurar el euro. Se le olvida para colmo, que el endeudamiento de pa\u00edses como Grecia o Espa\u00f1a se debe en gran medida a la intervenci\u00f3n de los bancos alemanes alentando la fiesta consumista, en el caso espa\u00f1ol del ladrillo, porque les produc\u00edan notables beneficios en sus balances. Y se le olvida todo esto porque le conviene ahora aprovecharse de las miserias de otros y al sentirse fuerte sacando tajada del empobrecimiento de millones de personas en Europa, prima el ego\u00edsmo cicatero de unos pocos sobre el inter\u00e9s general de 500 millones de habitantes.<\/p>\n<p><img loading=\"lazy\" decoding=\"async\" src=\"http:\/\/img01.lavanguardia.com\/2012\/10\/18\/Mariano-Rajoy-con-Angela-Merke_54353178565_53389389549_600_396.jpg\" alt=\"null\" width=\"420\" height=\"277\" \/><\/p>\n<p>Pero me temo que de nada sirve tratar de hacer recordar a quien no tiene memoria y a quien saca ventaja del olvido. M\u00e1s pr\u00e1ctico ser\u00eda que trat\u00e1ramos de adaptarnos a la circunstancia de modo realista y ver la mejor forma de salir de esta situaci\u00f3n airosamente. Que Alemania crea empleo cuando los dem\u00e1s lo destruimos o que paga su deuda a seis puntos menos de inter\u00e9s que nosotros no es m\u00e1s que el resultado de cuatro a\u00f1os de crisis donde el poderoso ha impuesto sus normas a los dem\u00e1s. La pregunta es bien simple: \u00bfes posible lograr un cambio de fuerzas en el conjunto de la Uni\u00f3n sin hacer peligrar su integridad? Si somos capaces de unir esfuerzos sin romper los v\u00ednculos de nuestras instituciones para torcer el actual rumbo marcado desde Berl\u00edn a\u00fan tenemos la oportunidad de hacer posible por m\u00e1s d\u00e9cadas el sue\u00f1o europeo. No podemos permanecer est\u00e1ticos como inv\u00e1lidos quej\u00e1ndonos sistem\u00e1ticamente de las decisiones germ\u00e1nicas convirtiendo la UE en una suerte de juicio maniqueo de buenos y malos. Resulta tan pueril culpar de todo lo que nos sucede a Alemania, por m\u00e1s que su pol\u00edtica cicatera sea perjudicial, como pensar que la Uni\u00f3n es un mundo id\u00edlico ajeno a intereses nacionales. Necesitamos reaccionar tenemos que movernos y r\u00e1pido, no podemos acudir a una cumbre m\u00e1s con la cr\u00f3nica de la derrota escrita en ella.<\/p>\n<p>Espa\u00f1a ha perdido las dos batallas que planteaba en este Consejo. La imposibilidad de aplicar la recapitalizaci\u00f3n directa de la banca espa\u00f1ola supone de facto aumentar el d\u00e9ficit p\u00fablico si queremos que el cr\u00e9dito vuelva a fluir en la econom\u00eda productiva, o eso, o dejamos caer a un 30% de las entidades financieras. \u201cNo va a haber ninguna recapitalizaci\u00f3n directa retroactiva\u201d, dijo tajante Merkel y con ello condenaba a los espa\u00f1oles a nuevos sacrificios. \u00bfCu\u00e1ntas nuevas humillaciones puede soportar la dignidad de los ciudadanos griegos, portugueses, espa\u00f1oles y pasado ma\u00f1ana italianos o franceses? De la segunda derrota ni se habl\u00f3, pues, si no podemos rescatar a la banca sin condiciones adicionales, es preferible aparcar para m\u00e1s adelante la opci\u00f3n de flexibilizar los plazos de cumplimiento de reducci\u00f3n del d\u00e9ficit p\u00fablico impuestos por Bruselas. De momento<strong>\u00a0Rajoy<\/strong>\u00a0vuelve de la cumbre con 40.000 millones menos o con un punto m\u00e1s de d\u00e9ficit, si lo queremos medir en meros datos cuantitativos. Pero lo m\u00e1s importante es que vuelve a\u00a0<strong>Espa\u00f1a<\/strong>\u00a0dejando la sensaci\u00f3n a sus ciudadanos de su debilidad, de su incapacidad para ser comprendido y ayudado.<\/p>\n<p>Condenados a dedicar todos nuestros esfuerzos a pagar la deuda contra\u00edda, el camino del empobrecimiento y de la venta de nuestros activos parece irreversible. Una senda por la que ya han transitado otros Estados miembros y por el que podr\u00edan acabar la mayor\u00eda de los pa\u00edses de la Uni\u00f3n. Esa reflexi\u00f3n que ya es bastante un\u00e1nime, a la vista de las declaraciones previas al Consejo del presidente\u00a0<strong>Hollande<\/strong>\u00a0y los silencios expresivos del primer ministro\u00a0<strong>Monti<\/strong>, debe conducir a posturas comunes, a alianzas inteligentes para cambiar el rumbo de las pol\u00edticas europeas. Espa\u00f1a e\u00a0<strong>Italia<\/strong>, ambas al borde del precipicio, suman m\u00e1s de 100 millones de habitantes hartos de perder calidad de vida culpados de pecados que nunca cometieron. El apoyo secundario \u2013 pues nadie puede pensar en la ruptura del eje franco-alem\u00e1n que dota de solidez a la Uni\u00f3n \u2013 de\u00a0<strong>Francia<\/strong>\u00a0a una iniciativa de mayor integraci\u00f3n econ\u00f3mica y pol\u00edtica supondr\u00eda el espaldarazo definitivo para que desde el Parlamento Europeo y la Comisi\u00f3n se pongan en marcha medidas de reactivaci\u00f3n de Europa por las que clama el mundo entero. Por m\u00e1s que\u00a0<strong>Alemania<\/strong>\u00a0parece hacer o\u00eddos sordos a todos, la rueda se ha parado en la\u00a0<strong>UE<\/strong>, la actividad se viene abajo y ello est\u00e1 produciendo el efecto consabido en una econom\u00eda mundial globalizada.\u00a0<strong>China<\/strong>\u00a0se frena a la misma velocidad con que puso en marcha su desenfrenado crecimiento sobre todo porque Europa no compra sus productos.<strong>\u00a0Estados Unidos<\/strong>, m\u00e1s all\u00e1 de su proceso electoral coyuntural, mira cada vez con m\u00e1s preocupaci\u00f3n nuestras broncas internas y ha lanzado severas cr\u00edticas a la pol\u00edtica blindada de Merkel de austeridad, recortes y ajustes. El mundo pide ya a Europa que reaccione y si aunque Alemania no nos siga en primera instancia, tenemos la obligaci\u00f3n de ser responsables en conjunto de nuestro protagonismo universal.<\/p>\n<p>La Uni\u00f3n Europea es una realidad mucho m\u00e1s fuerte de lo que perciben sus ciudadanos, la fuerza de su unidad se construye cada d\u00eda mediante normativas que nos obligan a trabajar juntos. El entramado construido es ya una amalgama de intereses cruzados, de movimiento continuo de mercanc\u00edas, capitales y personas imparable. Nos jugamos demasiado como para ponerlo en riesgo plant\u00e1ndonos inopinadamente ante Alemania y romper el espacio que tanto nos ha costado construir. Actuar con la sutileza que la situaci\u00f3n precisa supone negociar y dialogar entre todos, algo que requiere m\u00e1s diplomacia discreta, paso a paso en cada mesa en cada tema. Europa no puede seguir siendo un mon\u00f3tono desfile al paso que marca Alemania, pero evitarlo es cuesti\u00f3n de ser responsables cada uno de nuestras pol\u00edticas y de colaborar sinceramente para cambiar su actitud. Si nos limitamos a las grandes declaraciones, las apariciones en medios de comunicaci\u00f3n de los l\u00edderes reprochando a Merkel su comportamiento y despu\u00e9s nos los mismos jefes de gobierno vuelven a sus pa\u00edses con el rabo entre las piernas, la credibilidad de la Uni\u00f3n ante sus ciudadanos se vendr\u00e1 abajo, m\u00e1s a\u00fan de lo por los suelos que ya se encuentra. Sigue habiendo una oportunidad de disolver el IV Reich basta con reaccionar a tiempo.<\/p>\n<p><img loading=\"lazy\" decoding=\"async\" src=\"http:\/\/www.lamoncloa.gob.es\/NR\/rdonlyres\/B3F6ED6E-240A-45F7-B43B-67CF8C6A38FF\/216975\/ARFotofamiliaFotoConsejoEuropeo1.jpg\" alt=\"null\" width=\"454\" height=\"302\" \/><\/p>\n","protected":false},"excerpt":{"rendered":"<p>La verdad es que desfilar al paso de la oca marcado por la inflexible jefa del regimiento, d\u00eda tras d\u00eda, semana tras semana y Consejo Europeo tras Consejo Europeo, ya cansa. Levantar la pierna hasta la altura del ombligo y mantener el equilibrio unos segundos para realizar el cansino movimiento mec\u00e1nicamente, ya duele. Escuchar c\u00f3mo &hellip; <a href=\"https:\/\/blogs.noticiasdenavarra.com\/conacentohispano\/2012\/10\/20\/consejo-europeo-de-otono-o-la-monotona-cronica-del-iv-reich\/\" class=\"more-link\">Sigue leyendo <span class=\"screen-reader-text\">Consejo Europeo de oto\u00f1o o la mon\u00f3tona cr\u00f3nica del IV Reich<\/span><\/a><\/p>\n","protected":false},"author":70,"featured_media":0,"comment_status":"open","ping_status":"open","sticky":false,"template":"","format":"standard","meta":{"footnotes":""},"categories":[4],"tags":[407,544,398,475,409,455,456,411,458,426,389],"class_list":["post-221","post","type-post","status-publish","format-standard","hentry","category-sin-categoria","tag-alemania","tag-china","tag-ee-uu","tag-espana","tag-francia","tag-hollande","tag-italia","tag-merkel","tag-monti","tag-rajoy","tag-ue"],"_links":{"self":[{"href":"https:\/\/blogs.noticiasdenavarra.com\/conacentohispano\/wp-json\/wp\/v2\/posts\/221","targetHints":{"allow":["GET"]}}],"collection":[{"href":"https:\/\/blogs.noticiasdenavarra.com\/conacentohispano\/wp-json\/wp\/v2\/posts"}],"about":[{"href":"https:\/\/blogs.noticiasdenavarra.com\/conacentohispano\/wp-json\/wp\/v2\/types\/post"}],"author":[{"embeddable":true,"href":"https:\/\/blogs.noticiasdenavarra.com\/conacentohispano\/wp-json\/wp\/v2\/users\/70"}],"replies":[{"embeddable":true,"href":"https:\/\/blogs.noticiasdenavarra.com\/conacentohispano\/wp-json\/wp\/v2\/comments?post=221"}],"version-history":[{"count":1,"href":"https:\/\/blogs.noticiasdenavarra.com\/conacentohispano\/wp-json\/wp\/v2\/posts\/221\/revisions"}],"predecessor-version":[{"id":222,"href":"https:\/\/blogs.noticiasdenavarra.com\/conacentohispano\/wp-json\/wp\/v2\/posts\/221\/revisions\/222"}],"wp:attachment":[{"href":"https:\/\/blogs.noticiasdenavarra.com\/conacentohispano\/wp-json\/wp\/v2\/media?parent=221"}],"wp:term":[{"taxonomy":"category","embeddable":true,"href":"https:\/\/blogs.noticiasdenavarra.com\/conacentohispano\/wp-json\/wp\/v2\/categories?post=221"},{"taxonomy":"post_tag","embeddable":true,"href":"https:\/\/blogs.noticiasdenavarra.com\/conacentohispano\/wp-json\/wp\/v2\/tags?post=221"}],"curies":[{"name":"wp","href":"https:\/\/api.w.org\/{rel}","templated":true}]}}