{"id":218,"date":"2012-10-13T23:37:56","date_gmt":"2012-10-13T23:37:56","guid":{"rendered":"http:\/\/blogs.noticiasdenavarra.com\/conacentohispano\/?p=218"},"modified":"2012-10-13T23:37:56","modified_gmt":"2012-10-13T23:37:56","slug":"un-premio-nobel-para-la-paz-europeista","status":"publish","type":"post","link":"https:\/\/blogs.noticiasdenavarra.com\/conacentohispano\/2012\/10\/13\/un-premio-nobel-para-la-paz-europeista\/","title":{"rendered":"Un premio Nobel para la paz europeista"},"content":{"rendered":"<p>Es evidente que con la concesi\u00f3n del Premio Nobel de la Paz a la\u00a0<strong>Uni\u00f3n Europea<\/strong>la pol\u00e9mica est\u00e1 servida. Nos hemos acostumbrado a mirar los acontecimientos con cultura digital, de forma on line, sin perspectiva hist\u00f3rica y con miop\u00eda de futuro. Si lo que la academia Nobel premia es la situaci\u00f3n puntual que viven las instituciones europeas podemos establecer un rico debate sobre la buena o mala salud de las mismas y sobre los problemas que sin duda afronta la Uni\u00f3n y los Estados que la forman. Y en ese caso deber\u00edamos empezar por reconocer que la crisis que nos afecta es global y que no se trata de una dolencia endog\u00e1mica o intr\u00ednsecamente europea. Pero el jurado del Nobel no se ha fijado en el punto concreto en que se encuentra el proyecto de construcci\u00f3n europea, sino en el propio proyecto en s\u00ed y en el valor como garante de paz que ha tenido en el continente durante m\u00e1s de cincuenta a\u00f1os. Seis d\u00e9cadas ininterrumpidas de cese de la violencia b\u00e9lica en un territorio que hist\u00f3ricamente ha protagonizado las m\u00e1s cruentas y numerosas guerras de la humanidad. De ah\u00ed que las primeras cr\u00edticas recibidas por el Nobel europeo resulten profundamente injustas cuando se compraran con el concedido al presidente estadounidense Barak\u00a0<strong>Obama<\/strong>, pues, se contrapone la labor colectiva de los europeos durante 50 a\u00f1os con el de una persona en tres a\u00f1os. De la misma forma que escuchar en boca del presidente checo, V\u00e1clav\u00a0<strong>Klaus<\/strong>, reputado euroesc\u00e9ptico o al tambi\u00e9n Nobel de la paz, Lech<strong>Walesa<\/strong>, su decepci\u00f3n con el galard\u00f3n, resulta parad\u00f3jico dado que dif\u00edcilmente la libertad en sus pa\u00edses alcanzada tras la ca\u00edda del Muro de Berl\u00edn ser\u00edan posible sin la contribuci\u00f3n realizada por una Europa unida.<\/p>\n<p>Para cualquier persona en su sano juicio deber\u00eda ser motivo de satisfacci\u00f3n que los pueblos europeos que generaron tragedias tan terribles como las guerras imperiales del Renacimiento, las confrontaciones napole\u00f3nicas y las dos guerras mundiales, hayamos convertido la pr\u00e1ctica totalidad del espacio continental en un \u00e1rea de comercio com\u00fan, donde las personas, los capitales y las ideas fluyen en libertad y defendido por derechos comunitarios. Los europeos le guste a quien le guste y le pese a quien le pese, hemos borrado siglos de enfrentamiento por d\u00e9cadas de paz y prosperidad. Nada tiene que ver la forma en que estamos encarando la actual crisis econ\u00f3mica en como lo hemos venido haciendo en nuestro tiempo pret\u00e9rito. La cooperaci\u00f3n, el di\u00e1logo y la negociaci\u00f3n se han impuesto a la fuerza de las armas. El v\u00e9rtigo de la guerra, el miedo a la muerte extendi\u00e9ndose una vez m\u00e1s por los viejos campos de batalla, uni\u00f3 a los padres fundadores de la Europa del Tratado de Roma. De ese v\u00e9rtigo fue naciendo la conciencia de que juntos somos m\u00e1s fuertes y unidos se defiende mejor nuestro modelo de sociedad, sean cuales sean las dificultades que nos proponga la globalizaci\u00f3n. Es ya muy fuerte el entramado de intereses y el tejido institucional creado paso a paso lentamente a base del famoso acerbo comunitario como para tirarlo por la borda y volver al abismo de las fronteras irreconciliables.<\/p>\n<p><img loading=\"lazy\" decoding=\"async\" src=\"http:\/\/rompuy.files.wordpress.com\/2011\/03\/tratado-de-roma2.jpg\" alt=\"null\" width=\"464\" height=\"278\" \/><\/p>\n<p>Muchas han sido las personas que han participado en la construcci\u00f3n de las Comunidades Europeas, primero, y de la Uni\u00f3n Europea\u00a0(UE), despu\u00e9s, a partir de la llamada Declaraci\u00f3n Schuman de 1950. Muchas de estas personas han jugado un papel destacado en la vida de sus propios pa\u00edses de origen, papel que incluso puede ser m\u00e1s significativo que el que han representado en el seno de la Uni\u00f3n. Muchos, pues, son merecedores personalmente del Nobel de la paz, aunque normalmente\u00a0se conoce como \u201cPadres de Europa\u201d a\u00a0<strong>Adenauer<\/strong>,\u00a0<strong>Monnet<\/strong>,<strong>Schuman<\/strong>\u00a0y\u00a0<strong>Gasperi<\/strong>, la Comisi\u00f3n Europea\u00a0oficialmente considera como tales a Konrad Adenauer, Jean Monet, Winston\u00a0<strong>Churchill<\/strong>, Robert Schuman, Alcide de Gasperi, Paul-Henri\u00a0<strong>Spaak<\/strong>, Walter\u00a0<strong>Hallstein<\/strong>\u00a0y Altiero\u00a0<strong>Spinelli<\/strong>. Una historia que se alumbra en Roma el 25 de marzo de 1957 con la firma de los Tratados de la Comunidad Econ\u00f3mica Europea (CEE) y de la Comunidad Europea de la Energ\u00eda At\u00f3mica (CEEA o Euratom).\u00a0Ambos tratados fueron firmados por la Rep\u00fablica Federal de<strong>\u00a0Alemania<\/strong>,\u00a0<strong>B\u00e9lgica<\/strong>,\u00a0<strong>Francia<\/strong>,\u00a0<strong>Italia<\/strong>,\u00a0<strong>Luxemburgo<\/strong>, y los\u00a0<strong>Pa\u00edses Bajos<\/strong>, los Estados fundadores.\u00a0El tratado estableci\u00f3, entre otras cosas la Uni\u00f3n Aduanera: la CEE fue conocida popularmente como el \u201cMercado Com\u00fan\u201d. Se acord\u00f3 un periodo transitorio de 12 a\u00f1os, en el que deber\u00edan desaparecer totalmente las barreras arancelarias entre los Estados miembros. Y la Pol\u00edtica Agr\u00edcola Com\u00fan\u00a0(PAC): esta medida estableci\u00f3 la libre circulaci\u00f3n de los productos agr\u00edcolas dentro de la CEE, as\u00ed como la adopci\u00f3n de pol\u00edticas proteccionistas, que permitieron a los agricultores europeos evitar la competencia de productos procedentes de terceros pa\u00edses. Ello se consigui\u00f3 mediante la subvenci\u00f3n a los precios agr\u00edcolas. Desde entonces la PAC ha concentrado buena parte del presupuesto comunitario.\u00a0Este tratado estableci\u00f3 la prohibici\u00f3n de monopolios, la concesi\u00f3n de algunos privilegios comerciales a las regiones ultraperif\u00e9ricas, as\u00ed como algunas pol\u00edticas comunes en transportes.<\/p>\n<p>La actual Uni\u00f3n Europea ha vivido seis ampliaciones consecutivas en su ya larga historia. La primera supuso la incorporaci\u00f3n de\u00a0<strong>Irlanda<\/strong>,\u00a0<strong>Reino Unido<\/strong>\u00a0y\u00a0<strong>Dinamarca<\/strong>. La segunda de\u00a0<strong>Grecia<\/strong>, la tercera de\u00a0<strong>Espa\u00f1a<\/strong>\u00a0y\u00a0<strong>Portugal<\/strong>, la cuarta de\u00a0<strong>Suecia<\/strong>,<strong>Austria<\/strong>\u00a0y\u00a0<strong>Finlandia<\/strong>\u00a0y la quinta fue la m\u00e1s amplia de\u00a0<strong>Malta<\/strong>,\u00a0<strong>Chipre\u00a0<\/strong>y ocho pa\u00edses del Este,\u00a0<strong>Estonia<\/strong>,\u00a0<strong>Letonia<\/strong>,\u00a0<strong>Lituania<\/strong>,\u00a0<strong>Polonia<\/strong>,\u00a0<strong>Hungr\u00eda<\/strong>,\u00a0<strong>Rep\u00fablica Checa<\/strong>,<strong>Eslovaquia<\/strong>\u00a0y\u00a0<strong>Eslovenia<\/strong>. Y, por \u00faltimo, la sexta la de los vecinos\u00a0<strong>Ruman\u00eda<\/strong>\u00a0y<strong>Bulgaria<\/strong>. En total 27 pa\u00edses miembros, que ser\u00e1n uno m\u00e1s el pr\u00f3ximo mes de enero con la integraci\u00f3n de\u00a0<strong>Croacia<\/strong>. Desde el punto de vista jur\u00eddico, el proceso de uni\u00f3n europea ha vivido desde el Tratado de Roma cinco grandes reformas y otros tantos nuevos tratados que constituyen la ley de leyes para sus Estados miembros. En 1986 se aprueba el Acta \u00danica Europea cuya finalidad fue\u00a0reformar las instituciones para preparar la adhesi\u00f3n de Espa\u00f1a y Portugal, y agilizar la toma de decisiones para preparar la llegada del mercado \u00fanico. Los principales cambios fueron la\u00a0ampliaci\u00f3n de la votaci\u00f3n por mayor\u00eda cualificada en el Consejo (para hacer m\u00e1s dif\u00edcil el veto de las propuestas legislativas por un \u00fanico pa\u00eds) y creaci\u00f3n de los procedimientos de cooperaci\u00f3n y dictamen conforme, que dan m\u00e1s peso al Parlamento. En 1992 entra en vigor el Tratado de\u00a0<strong>Maastricht<\/strong>, cuyo objetivo fue la implantaci\u00f3n\u00a0\u00a0la Uni\u00f3n Monetaria Europea e introducir elementos de uni\u00f3n pol\u00edtica (ciudadan\u00eda, pol\u00edticas comunes de asuntos exteriores y de interior). Signific\u00f3 el\u00a0establecimiento de la Uni\u00f3n Europea e introducci\u00f3n del procedimiento de codecisi\u00f3n, dando m\u00e1s protagonismo al Parlamento en la toma de decisiones. Nuevas formas de cooperaci\u00f3n entre los gobiernos de la UE, por ejemplo en materia de defensa y de justicia e interior. En 1997 se reforman los tratados por el acuerdo de\u00a0<strong>Amsterdam<\/strong>\u00a0en materias menores y en 2001 el Tratado de\u00a0<strong>Niza<\/strong>\u00a0viene a facilitar la toma de decisiones despu\u00e9s de la incorporaci\u00f3n de numerosos pa\u00edses y, finalmente, en 2007 el Tratado de\u00a0<strong>Lisboa<\/strong>\u00a0vigente en la actualidad pone el \u00e9nfasis en\u00a0hacer la UE m\u00e1s democr\u00e1tica, m\u00e1s eficiente y mejor capacitada para abordar, con una sola voz, los problemas mundiales, como el cambio clim\u00e1tico y\u00a0aumenta las competencias del Parlamento Europeo, establece el cambio de los procedimientos de voto en el Consejo, la iniciativa ciudadana, el car\u00e1cter permanente del puesto de Presidente del Consejo Europeo, el nuevo puesto de Alto Representante para Asuntos Exteriores y el nuevo servicio diplom\u00e1tico de la UE.<\/p>\n<p>Un camino proceloso repleto de tira y aflojas, de marchas adelante y parones que ha conformado una realidad interna y externa protagonista se quiera o no en el escenario mundial. Porque a las incorporaciones de Estados y poblaciones hasta sumar los 500 millones de personas actuales y un marco legal de compleja regulaci\u00f3n y basada en la transferencia de soberan\u00eda, hay que a\u00f1adir la existencia de una moneda \u00fanica, el euro, vigente en 17 Estados miembros y la creaci\u00f3n de un Banco Central Europeo que ya act\u00faa como autoridad monetaria del eurogrupo y que avanza en su funcionamiento como reserva federal al estilo de la de los<strong>Estados Unidos<\/strong>. En 50 a\u00f1os la Europa que camina unida ha logrado establecer normas comunes comerciales, de movilidad laboral, de capitales, de moneda \u00fanica y, recientemente, est\u00e1 poniendo en marcha la diplomacia m\u00e1s ambiciosa y voluminosa del mundo. Negar los problemas y dificultades que hoy acechan a la UE ser\u00eda vivir al margen de la realidad. A cada paso que damos se producen nuevos retos y mayores inconvenientes. Mantener la riqueza de la diversidad en un espacio que cada vez ensancha m\u00e1s supone la obligaci\u00f3n de reinventarnos desde el convencimiento de que juntos podemos seguir siendo un referente mundial.<\/p>\n<p>La memoria humana es tan d\u00e9bil que por supervivencia pronto olvida el drama y la tragedia. Para poner en valor lo que los europeos hemos logrado en estas seis \u00faltimas d\u00e9cadas bien valdr\u00eda reproducir machaconamente la desolaci\u00f3n producida en Europa por las dictaduras fascistas y por los reg\u00edmenes comunistas. La democracia y el Estados social de derecho desde una visi\u00f3n humanista basada en nuestra mejor historia, ha dado fruto en la \u00e9poca m\u00e1s pr\u00f3spera y pac\u00edfica que hemos conocido en nuestro continente. El premio que ahora todos recibidos es un acicate y un impulso para los que a\u00fan creemos en el proyecto europeista frente a las veleidades populistas y ultras de quienes quieren volver a la defensa de intereses particulares que fomentan el enfrentamiento ego\u00edsta. Hay que ser muy est\u00fapido o muy malintencionado para defender que la Europa de<strong>Hitler<\/strong>,\u00a0<strong>Mussolini<\/strong>\u00a0y\u00a0<strong>Stalin<\/strong>\u00a0es mejor que la que vivimos hoy de la mano de nuestros gobernantes, por mucho que los actuales puedan errar. Sus errores que sin duda los tienen, son parte de nuestro derecho a equivocarnos juntos y con la enorme capacidad de reconvenirlo en las pr\u00f3ximas elecciones. Tenemos problemas econ\u00f3micos, de falta de integraci\u00f3n pol\u00edtica, de credibilidad internacional, de respeto a minor\u00edas, de defensa de derechos humanos en el mundo\u2026, pero seguimos siendo una isla mod\u00e9lica en la humanidad de libertades y calidad de vida. El Nobel de la paz no es m\u00e1s que una llamada de atenci\u00f3n a no perder lo que hemos alcanzado, a no dejar de ser referente para el mundo. Nuestra obligaci\u00f3n m\u00e1s que nunca es colaborar en la resoluci\u00f3n de los problemas mundiales desde la vanguardia de la innovaci\u00f3n y la investigaci\u00f3n o convertirnos una vez m\u00e1s en el escenario del conflicto. Elegir entre Europa como dilema o como soluci\u00f3n. El europeismo ahora premiado adem\u00e1s de un bello anhelo es ya un repertorio de hechos incuestionables que nos garantizan vivir en paz.<\/p>\n<p><img decoding=\"async\" src=\"http:\/\/globedia.com\/imagenes\/noticias\/2012\/10\/12\/union-europea-recibio-premio-nobel-paz-2012-mentira-sistema_1_1415337.jpg\" alt=\"null\" \/><\/p>\n","protected":false},"excerpt":{"rendered":"<p>Es evidente que con la concesi\u00f3n del Premio Nobel de la Paz a la\u00a0Uni\u00f3n Europeala pol\u00e9mica est\u00e1 servida. Nos hemos acostumbrado a mirar los acontecimientos con cultura digital, de forma on line, sin perspectiva hist\u00f3rica y con miop\u00eda de futuro. Si lo que la academia Nobel premia es la situaci\u00f3n puntual que viven las instituciones &hellip; <a href=\"https:\/\/blogs.noticiasdenavarra.com\/conacentohispano\/2012\/10\/13\/un-premio-nobel-para-la-paz-europeista\/\" class=\"more-link\">Sigue leyendo <span class=\"screen-reader-text\">Un premio Nobel para la paz europeista<\/span><\/a><\/p>\n","protected":false},"author":70,"featured_media":0,"comment_status":"open","ping_status":"open","sticky":false,"template":"","format":"standard","meta":{"footnotes":""},"categories":[4],"tags":[1752,407,1753,471,528,586,472,1754,606,1755,398,473,474,475,630,452,409,1756,1757,1758,532,496,456,1759,1760,1761,534,476,1762,477,1763,1764,1765,609,478,536,479,413,537,596,1766,1767,1768,1769,538,389,1770],"class_list":["post-218","post","type-post","status-publish","format-standard","hentry","category-sin-categoria","tag-adenauer","tag-alemania","tag-amsterdam","tag-austria","tag-belgica","tag-bulgaria","tag-chipre","tag-churchill","tag-croacia","tag-dinamarca-grecia","tag-ee-uu","tag-eslovaquia","tag-eslovenia","tag-espana","tag-estonia","tag-finlandia","tag-francia","tag-gaspieri","tag-hallstein","tag-hitler","tag-hungria","tag-irlanda","tag-italia","tag-klaus","tag-letonia","tag-lisboa","tag-lituania","tag-luxemburgo","tag-maastricht","tag-malta","tag-monnet","tag-mussolini","tag-niza","tag-obama","tag-paises-bajos","tag-polonia","tag-portugal","tag-reino-unido","tag-republica-checa","tag-rumania","tag-schuman","tag-spaak","tag-spinelli","tag-stalin","tag-suecia","tag-ue","tag-walesa"],"_links":{"self":[{"href":"https:\/\/blogs.noticiasdenavarra.com\/conacentohispano\/wp-json\/wp\/v2\/posts\/218","targetHints":{"allow":["GET"]}}],"collection":[{"href":"https:\/\/blogs.noticiasdenavarra.com\/conacentohispano\/wp-json\/wp\/v2\/posts"}],"about":[{"href":"https:\/\/blogs.noticiasdenavarra.com\/conacentohispano\/wp-json\/wp\/v2\/types\/post"}],"author":[{"embeddable":true,"href":"https:\/\/blogs.noticiasdenavarra.com\/conacentohispano\/wp-json\/wp\/v2\/users\/70"}],"replies":[{"embeddable":true,"href":"https:\/\/blogs.noticiasdenavarra.com\/conacentohispano\/wp-json\/wp\/v2\/comments?post=218"}],"version-history":[{"count":1,"href":"https:\/\/blogs.noticiasdenavarra.com\/conacentohispano\/wp-json\/wp\/v2\/posts\/218\/revisions"}],"predecessor-version":[{"id":219,"href":"https:\/\/blogs.noticiasdenavarra.com\/conacentohispano\/wp-json\/wp\/v2\/posts\/218\/revisions\/219"}],"wp:attachment":[{"href":"https:\/\/blogs.noticiasdenavarra.com\/conacentohispano\/wp-json\/wp\/v2\/media?parent=218"}],"wp:term":[{"taxonomy":"category","embeddable":true,"href":"https:\/\/blogs.noticiasdenavarra.com\/conacentohispano\/wp-json\/wp\/v2\/categories?post=218"},{"taxonomy":"post_tag","embeddable":true,"href":"https:\/\/blogs.noticiasdenavarra.com\/conacentohispano\/wp-json\/wp\/v2\/tags?post=218"}],"curies":[{"name":"wp","href":"https:\/\/api.w.org\/{rel}","templated":true}]}}