{"id":204,"date":"2012-09-05T21:55:38","date_gmt":"2012-09-05T21:55:38","guid":{"rendered":"http:\/\/blogs.noticiasdenavarra.com\/conacentohispano\/?p=204"},"modified":"2012-09-05T21:55:38","modified_gmt":"2012-09-05T21:55:38","slug":"give-a-peace-a-chance-en-colombia","status":"publish","type":"post","link":"https:\/\/blogs.noticiasdenavarra.com\/conacentohispano\/2012\/09\/05\/give-a-peace-a-chance-en-colombia\/","title":{"rendered":"Give a peace a chance en Colombia"},"content":{"rendered":"<p>Aquel grito pacifista de John\u00a0<strong>Lennon<\/strong>\u00a0sigue representando uno de los mejores s\u00edmbolos que la humanidad tiene para pedir que los conflictos b\u00e9licos y la violencia cesen.\u00a0<strong>Colombia\u00a0<\/strong>vive uno de los combates m\u00e1s dilatados en el tiempo \u2013 50 a\u00f1os \u2013 y m\u00e1s cruentos de la historia reciente. Por eso el anuncio de un nuevo inicio de negociaciones formales entre el gobierno colombiano y la guerrilla de las<strong>FARC<\/strong>\u00a0debe ser acogido con las mismas dosis de cautela en el optimismo y de ilusi\u00f3n en su \u00e9xito. La esperanza de esta nueva oportunidad para la paz se basa en la firme determinaci\u00f3n mostrada por el presidente Juan Manuel\u00a0<strong>Santos<\/strong>\u00a0y la debilidad y desgate social mostrada por las FARC en los \u00faltimos a\u00f1os fruto del asedio al que le ha sometido el Ej\u00e9rcito colombiano y del absoluto hartazgo de la sociedad colombiana que hace tiempo que les ha dado la espalda. Sin embargo, como en todo fen\u00f3meno que ha generado muertes, secuestros, torturas, destierros y todo tipo de calamidades, las heridas son muy profundas y las dificultades para una reconciliaci\u00f3n nacional m\u00faltiples. Colombia est\u00e1 en pleno proceso de crecimiento y desarrollo econ\u00f3mico, al punto que en el primer semestre de 2012 se ha convertido en la segunda econom\u00eda de Sudam\u00e9rica tras<strong>Brasil<\/strong>\u00a0y la tercera de toda Am\u00e9rica Latina, tras\u00a0<strong>M\u00e9xico<\/strong>. El dato revela la trascendencia de este rico pa\u00eds en el conjunto de la regi\u00f3n y la trascendencia de que logre la estabilidad que la desaparici\u00f3n de la violencia supondr\u00eda. La paz y la democracia consolidada, acarrear\u00eda seguridad f\u00edsica y jur\u00eddica, pero sobre todo, contribuir\u00eda a afianzar la imagen de confianza de la comunidad internacional en Latinoam\u00e9rica.<\/p>\n<p><img loading=\"lazy\" decoding=\"async\" src=\"http:\/\/www.periodicocorreo.com.mx\/files\/edicion\/Septiembre\/05\/640x480_368317_547683806.jpg\" alt=\"null\" width=\"448\" height=\"269\" \/><\/p>\n<p>Hablar del conflicto armado colombiano supone hablar de narcotr\u00e1fico porque m\u00e1s all\u00e1 de las motivaciones ideol\u00f3gicas que movieron a la guerrilla a combatir, la realidad es que la droga ha protagonizado como medio de subsistencia y de enriquecimiento a diversas partes del mismo. Tambi\u00e9n conviene recordar que desde la independencia de Colombia, el pa\u00eds no ha estado ajeno a la violencia partidista, lo cual se evidencia en varias guerras civiles\u00a0que se desarrollaron durante el siglo XIX\u00a0y culminando en la Guerra de los Mil D\u00edas\u00a0(1899 \u2013 1902). No en vano las FARC \u00a0&#8211; Fuerzas Armadas Revolucionarias de Colombia, Ej\u00e9rcito del Pueblo o\u00a0FARC-EP\u00a0&#8211; es la guerrilla m\u00e1s antigua y numerosa de Am\u00e9rica Latina. Fundada despu\u00e9s de la ofensiva que, \u201ccon el fin de reafirmar la autoridad del llamado Frente Nacional\u201d, el ej\u00e9rcito colombiano realiz\u00f3 en 1964 contra la \u201cRep\u00fablica de Marquetalia\u201d,\u00a0una de las comunidades aut\u00f3nomas creada por grupos armados comunistas radicales a finales de la \u00e9poca de la violencia\u00a0que sigui\u00f3 al Bogotazo\u00a0en 1948. En m\u00e1s de cinco d\u00e9cadas de actividad, los altibajos del conflicto han sido continuos y de la misma forma que las vicisitudes vividas por los distintos gobiernos y la guerrilla con numerosos intentos de acercamiento, prenegociaciones y negociaciones fallidas de paz.<\/p>\n<p>El conflicto armado colombiano ha generado miles de muertos, lisiados, secuestrados, una de las peores crisis de desplazamiento forzado en el mundo y desaparecidos, lo que ha conllevado a que Colombia sea clasificado como uno de los pa\u00edses m\u00e1s violentos del mundo y uno de los principales exportadores de drogas ilegales.\u00a0La d\u00e9cada de 1970\u00a0a 1980\u00a0se caracteriz\u00f3 por una desmedida represi\u00f3n por parte del Estado (Ej\u00e9rcito, polic\u00eda\u00a0y autoridades civiles) contra los movimientos pol\u00edticos, obreros, campesinos y estudiantiles. Adem\u00e1s, algunos particulares tomaron con su propia mano la aplicaci\u00f3n de medidas represivas contra los mencionados sectores. Seg\u00fan el Centro de Investigaci\u00f3n y Educaci\u00f3n Popular\u00a0(CINEP) entre el 1 de enero de 1970 y el primer trimestre de 1981, ocurrieron numerosos asesinatos, torturas, desapariciones y otras violaciones de los Derechos Humanos. \u201cSolo desde 1970 hasta marzo de 1981 se registraron 1.053 asesinatos\u00a0y 7.571 casos de torturas\u00a0provocados principalmente por las Fuerzas Armadas\u201d, seg\u00fan CINEP. Pero es el fen\u00f3meno de los carteles de la droga lo que convierte el conflicto colombiano en un fen\u00f3meno \u00fanico en el mundo por su dramatismo y extrema dureza.<\/p>\n<p>Colombia ha tenido cuatro de los carteles de narcotr\u00e1fico m\u00e1s poderosos del mundo que en algunos lugares crearon una nueva clase social e influenciaron grandemente la cultura colombiana. El uso de la hoja de coca, la marihuana\u00a0y otras plantas, hab\u00eda sido parte del estilo de vida de algunas comunidades ind\u00edgenas a lo largo de Sudam\u00e9rica, pero la demanda mundial de drogas\u00a0durante las d\u00e9cadas de 1940 y 1970 incrementaron la producci\u00f3n y procesamiento de estas en Colombia. Se implementaron leyes de prohibici\u00f3n en\u00a0<strong>Estados Unidos<\/strong>\u00a0y en Colombia\u00a0para sofocar el efecto negativo de las drogas en la sociedad y castigar a quienes las cultivaran, poseyeran, comercializaran o distribuyeran. Desde el establecimiento de la guerra contra las drogas, los Estados Unidos\u00a0y algunos pa\u00edses europeos han prove\u00eddo al gobierno colombiano ayuda log\u00edstica y financiera para implementar planes que permitan combatir el tr\u00e1fico de drogas. El programa m\u00e1s notable fue el Plan Colombia, tambi\u00e9n destinado a combatir los grupos armados ilegales calificados por estos pa\u00edses como terroristas, entre ellos paramilitares\u00a0y guerrillas, que en la d\u00e9cada de 1980\u00a0empezaron a financiarse con esta actividad il\u00edcita.\u00a0En 2004 el 70% del total de distribuci\u00f3n de droga a nivel mundial proced\u00eda de Colombia y el 90% de su procesamiento, seg\u00fan un informe del Departamento de Estado de los Estados Unidos.<\/p>\n<p>Sin duda la mayor presi\u00f3n que las dos partes del conflicto, gobierno y FARC han encontrado para iniciar las negociaciones en\u00a0<strong>Noruega\u00a0<\/strong>se llama respuesta popular. Durante las distintas d\u00e9cadas y fases del conflicto\u00a0se han producido protestas populares contra los hechos violentos causados por los diferentes actores del conflicto armado, y en otros en apoyo a alguno de los actores. Esa falta de unidad y el enfrentamiento social en facciones ha sido uno de los motivos por los que esta verdadera guerra civil se ha perpetuado de generaci\u00f3n en generaci\u00f3n hasta convertirse por desgracia en parte del adn de la sociedad colombiana. Esa cultura de la violencia interiorizada como parte la vida de un pa\u00eds, empez\u00f3 a mostrar s\u00edntomas claros de debilidad en la primera d\u00e9cada del siglo XXI, con la llamada Marcha de un mill\u00f3n de voces contra las FARC o marcha del 4 de febrero. Pero las causas del conflicto a\u00fan siguen presentes en gran medida y pesar\u00e1n enormemente a la hora de entorpecer una soluci\u00f3n. La pobreza, la falta de educaci\u00f3n, el abandono estatal, las deficiencias socio-econ\u00f3micas en los n\u00facleos familiares, y los valores de la sociedad son caldos de cultivo de la violencia en un drama que tiene como agentes activos a un alto n\u00famero de menores.<\/p>\n<p>Sobre las negociaciones pesan los fracasos de intentos anteriores, especialmente el del presidente Andr\u00e9s\u00a0<strong>Pastrana<\/strong>\u00a0(1998-2002). Su sucesor, \u00c1lvaro<strong>Uribe<\/strong>\u00a0es a la vez el responsable de que se produzca esta oportunidad por su pol\u00edtica militar contra las FARC, pero ahora se ha convertido en el peor enemigo de la negociaci\u00f3n y as\u00ed lo ha manifestado al proclamar que su sucesor Santos est\u00e1 traicionando a Colombia al iniciar las conversaciones. Los pa\u00edses ALBA por su parte \u2013\u00a0<strong>Venezuela<\/strong>,<strong>\u00a0Ecuador<\/strong>,\u00a0<strong>Bolivia<\/strong>,\u00a0<strong>Nicaragua\u00a0<\/strong>y<strong>\u00a0Cuba<\/strong>\u00a0\u2013 parece que se han alineado lealmente en la mesa negociadora a favor de la paz, principalmente porque aquellos viejos comunistas que dirig\u00edan las FARC han muerto y lo que queda de ellos es un grupo de narcos armados, algo que debilita la imagen de la revoluci\u00f3n bolivariana. El contenido de las negociaciones ser\u00e1 otro de los obst\u00e1culos porque la reforma agraria, una de las banderas tradicionales de los guerrilleros, a estas alturas ya no se sabe cu\u00e1l es su alcance y a cuantos agricultores afectar\u00eda dados las numerosas expropiaciones y destierros producidos. Se inicia una nueva p\u00e1gina de esperanza, escrita en blanco y sin renglones, lo \u00fanico que debemos desear es que los responsables de la negociaci\u00f3n tengan claro que no deben levantarse de la mesa hasta que haya acuerdo y negociar con la m\u00e1xima discreci\u00f3n, porque como nos cant\u00f3 Lennon \u201ctodo lo que pedimos es que le des una oportunidad a la paz\u201d.<\/p>\n<p><img decoding=\"async\" src=\"http:\/\/laradiodelsur.com\/wp-content\/uploads\/2012\/09\/FARC.jpg\" alt=\"null\" \/><\/p>\n","protected":false},"excerpt":{"rendered":"<p>Aquel grito pacifista de John\u00a0Lennon\u00a0sigue representando uno de los mejores s\u00edmbolos que la humanidad tiene para pedir que los conflictos b\u00e9licos y la violencia cesen.\u00a0Colombia\u00a0vive uno de los combates m\u00e1s dilatados en el tiempo \u2013 50 a\u00f1os \u2013 y m\u00e1s cruentos de la historia reciente. Por eso el anuncio de un nuevo inicio de negociaciones &hellip; <a href=\"https:\/\/blogs.noticiasdenavarra.com\/conacentohispano\/2012\/09\/05\/give-a-peace-a-chance-en-colombia\/\" class=\"more-link\">Sigue leyendo <span class=\"screen-reader-text\">Give a peace a chance en Colombia<\/span><\/a><\/p>\n","protected":false},"author":70,"featured_media":0,"comment_status":"open","ping_status":"open","sticky":false,"template":"","format":"standard","meta":{"footnotes":""},"categories":[4],"tags":[543,391,545,572,548,398,1737,1738,402,575,1739,1740,405,1741,451],"class_list":["post-204","post","type-post","status-publish","format-standard","hentry","category-sin-categoria","tag-bolivia","tag-brasil","tag-colombia","tag-cuba","tag-ecuador","tag-ee-uu","tag-farc","tag-lennon","tag-mexico","tag-nicaragua","tag-noruega","tag-pastrana","tag-santos","tag-uribe","tag-venezuela"],"_links":{"self":[{"href":"https:\/\/blogs.noticiasdenavarra.com\/conacentohispano\/wp-json\/wp\/v2\/posts\/204","targetHints":{"allow":["GET"]}}],"collection":[{"href":"https:\/\/blogs.noticiasdenavarra.com\/conacentohispano\/wp-json\/wp\/v2\/posts"}],"about":[{"href":"https:\/\/blogs.noticiasdenavarra.com\/conacentohispano\/wp-json\/wp\/v2\/types\/post"}],"author":[{"embeddable":true,"href":"https:\/\/blogs.noticiasdenavarra.com\/conacentohispano\/wp-json\/wp\/v2\/users\/70"}],"replies":[{"embeddable":true,"href":"https:\/\/blogs.noticiasdenavarra.com\/conacentohispano\/wp-json\/wp\/v2\/comments?post=204"}],"version-history":[{"count":2,"href":"https:\/\/blogs.noticiasdenavarra.com\/conacentohispano\/wp-json\/wp\/v2\/posts\/204\/revisions"}],"predecessor-version":[{"id":206,"href":"https:\/\/blogs.noticiasdenavarra.com\/conacentohispano\/wp-json\/wp\/v2\/posts\/204\/revisions\/206"}],"wp:attachment":[{"href":"https:\/\/blogs.noticiasdenavarra.com\/conacentohispano\/wp-json\/wp\/v2\/media?parent=204"}],"wp:term":[{"taxonomy":"category","embeddable":true,"href":"https:\/\/blogs.noticiasdenavarra.com\/conacentohispano\/wp-json\/wp\/v2\/categories?post=204"},{"taxonomy":"post_tag","embeddable":true,"href":"https:\/\/blogs.noticiasdenavarra.com\/conacentohispano\/wp-json\/wp\/v2\/tags?post=204"}],"curies":[{"name":"wp","href":"https:\/\/api.w.org\/{rel}","templated":true}]}}