{"id":166,"date":"2012-06-24T20:54:03","date_gmt":"2012-06-24T20:54:03","guid":{"rendered":"http:\/\/blogs.noticiasdenavarra.com\/conacentohispano\/?p=166"},"modified":"2012-06-24T20:55:09","modified_gmt":"2012-06-24T20:55:09","slug":"la-nueva-sinfonia-europea-crecer-si-pero-como","status":"publish","type":"post","link":"https:\/\/blogs.noticiasdenavarra.com\/conacentohispano\/2012\/06\/24\/la-nueva-sinfonia-europea-crecer-si-pero-como\/","title":{"rendered":"La nueva sinfon\u00eda europea: crecer s\u00ed, pero \u00bfc\u00f3mo?"},"content":{"rendered":"<p>La cumbre celebrada en Roma entre los mandatarios de las cuatro principales econom\u00edas del euro &#8211;\u00a0<strong>Alemania<\/strong>,\u00a0<strong>Francia<\/strong>,\u00a0<strong>Italia<\/strong>\u00a0y\u00a0<strong>Espa\u00f1a<\/strong>\u00a0&#8211; parece alumbrar un nuevo modelo de actuaciones para afrontar la crisis econ\u00f3mica que asola la\u00a0<strong>Uni\u00f3n Europea<\/strong>\u00a0desde hace tres a\u00f1os.\u00a0<strong>Merkel<\/strong>,\u00a0<strong>Hollande<\/strong>,\u00a0<strong>Monti<\/strong>\u00a0y\u00a0<strong>Rajoy<\/strong>\u00a0han acordado poner en marcha un plan de crecimiento cifrado en nada menos que 130.000 millones de euros, el 1 por ciento del PIB de la UE y una cantidad similar a la aportaci\u00f3n anual de los socios de la Uni\u00f3n a los presupuesto comunitarios. La m\u00fasica suena bien y podr\u00eda calificarse como la primera decisi\u00f3n sensata que nuestros dirigentes toman desde que se iniciara esta pesadilla plagada de malas noticias. Por fin se pone en marcha el new deal europeo que debe ser capaz de hacer sostenible el Estado del bienestar, que nos ha concedido a los europeos el mayor periodo de paz y prosperidad de los \u00faltimos siglos, gracias a la alternancia de medidas de austeridad y politicas de crecimiento. En el fondo, algo de tanto sentido com\u00fan como gastar en lo prioritario y fomentar aquello que nos hace progresar.<\/p>\n<p>La novedad del enfoque tiene no solo transcendencia de fondo, sino tambi\u00e9n en su esencia formal. Estos \u00faltimos a\u00f1os hemos asistido en la UE a un gobierno en la sombra entorno al eje franco-alem\u00e1n, donde las directrices de la canciller alemana eran sumisamente aceptadas por el presidente franc\u00e9s \u2013 una dependencia que le cost\u00f3 la derrota electoral a\u00a0<strong>Sarkozy<\/strong>\u00a0-. La escenograf\u00eda ha cambiado con la llegada del socialista Fran\u00e7ois Hollande al Palacio del El\u00edseo y fruto tambi\u00e9n, hay que reconocerlo de los buenos oficios del primer ministro italiano, Mario Monti \u2013 algo que hubiera sido inviable de la mano del escandaloso Silvio\u00a0<strong>Berlusconi<\/strong>\u00a0-. En la foto se ha colado de rond\u00f3n y en el \u00faltimo minuto del presidente espa\u00f1ol Mariano Rajoy, seguramente para dar un espaldarazo de confianza a la maltrecha econom\u00eda espa\u00f1ola, al borde oficial de la intervenci\u00f3n y del rescate financiero. Y tambi\u00e9n su presencia se deba quiz\u00e1s a que el cuadrilatero aunque no sea en absoluto rectangular, representa una forma geom\u00e9trica de gobernanza mucho m\u00e1s equilibrada que un tri\u00e1ngulo is\u00f3sceles donde Italia jugar\u00eda el papel de criada pobre de las dos potencias europeas ahora enfrentadas en una velada discusi\u00f3n sobre su idea de c\u00f3mo encarar el futuro de la UE. La foto evidentemente tiene valor, valor de marca y valor a futuro.<\/p>\n<p><img loading=\"lazy\" decoding=\"async\" src=\"http:\/\/www.larazon.es\/images\/uploads\/image\/f0\/f0\/380650\/c617x266_cuatro.jpg?1340424719\" alt=\"null\" width=\"445\" height=\"192\" \/><\/p>\n<p>Sin embargo, hechos los merecidos halagos al golpe de tim\u00f3n en la pol\u00edtica del euro, que debemos fundamentalmente a Hollande, al programa de los socialistas galos y a los ciudadanos franceses que le han dado su confianza, queda la tarea fundamental por hacer: ponerle letra a la m\u00fasica, pasar de la sinton\u00eda de fondo, a la armon\u00eda de una composici\u00f3n que debe ser sinf\u00f3nica, pues, debe acompasar tiempo e instrumentos para sacarnos de la recesi\u00f3n que nos invade y amenaza. Hemos cambiado el mon\u00f3tono y arcaico compas del dos por dos impuesto por Merkel, al compas de compasillo, el cuatro por cuatro, auspiciado por Hollande, con mejor ritmo pues engloba a mas del 70 por ciento del PIB y de la poblaci\u00f3n de la zona euro. Toca ahora componer, llenar ese pentagrama en blanco que espera a conocer las notas, los tonos y los silencios que nuestra econom\u00eda requiere. Sabemos la cuant\u00eda pero no sabemos la forma en que cada Estado lo desembolsar\u00e1, ni el organismo encargado de gestionarlos.<\/p>\n<p>Nos queda tambi\u00e9n saber qu\u00e9 instrumentos ser\u00e1n los encargados de interpretar la nueva melod\u00eda. En otras palabras, debemos decidir en qu\u00e9 invertir, cu\u00e1les creemos que son los pilares sobre los que destinar fondos que generen la creaci\u00f3n de empleo y con ello de riqueza en el continente. La\u00a0<strong>Comisi\u00f3n Europea<\/strong>\u00a0y posteriormente el\u00a0<strong>Parlamento<\/strong>\u00a0y el\u00a0<strong>Consejo<\/strong>, ya marcaron las l\u00edneas fuerza en la llamada Estrategia 2020 de la UE \u2013 \u00a0<em>\u201cpara un crecimiento inteligente, sostenible e integrador\u201d \u2013\u00a0<\/em>y ahora toca acelerar los plazos. Son la educaci\u00f3n, la innovaci\u00f3n, la investigaci\u00f3n y las infraestructuras, los ejes motores del desarrollo, siempre desde el absoluto respeto a la sostenibilidad medioambiental. Yo solo hecho en falta un nuevo sector adicional, el de los servicios sociales. Si no somos conscientes de nuestra realidad demogr\u00e1fica presente y futura, de una poblaci\u00f3n que envejece en progresi\u00f3n geom\u00e9trica, todas nuestras previsiones econ\u00f3micas resultar\u00e1n inv\u00e1lidas. Tenemos que ser capaces de construir un sector econ\u00f3mico viable en torno a la actividad asistencial a nuestros mayores, discapacitados, enfermos cr\u00f3nicos y todo ciudadano en especial situaci\u00f3n de necesidad y desprotecci\u00f3n.<\/p>\n<p>En todo caso, que nadie piense que solo inyectando fondos resolveremos nuestros problemas. Ser\u00e1 necesaria una pol\u00edtica fiscal armonizada, que apueste por la econom\u00eda productiva y no especulativa, que incluya, por supuesto, la ansiada tasa sobre transacciones financieras y un sistema de gobernanza econ\u00f3mica y, por lo tanto, tambi\u00e9n pol\u00edtica m\u00e1s autom\u00e1tico, con m\u00e1s capacidad para preveer situaciones y plantear medidas. Europa tiene que ser m\u00e1s \u00e1gil en sus decisiones y para ello tiene que ser m\u00e1s homog\u00e9nea, algo que lejos de estar re\u00f1ido con la diversidad que nos enriquece, debe servir para evitar desigualdades injustas en nuestro espacio com\u00fan. No podemos seguir haci\u00e9ndonos competencia desleal con tipos y figuras impositivas divergentes. Estamos obligados a consensuar un modelo fiscal europeo, donde impuestos directos, indirectos y tasas sobre el consumo o el uso se muevan en bases similares, con la solidaridad como valor principal inspirador.<\/p>\n<p>Pero sea como sea, no cabe duda que esta oportunidad que se nos presenta a ra\u00edz del anuncio de los l\u00edderes de los principales Estados europeos realizado en la ciudad eterna, solo llegar\u00e1 a buen puerto si es una tarea colectiva. Resetear Europa, cuyo software se ha quedado colgado, requiere de la participaci\u00f3n de todos. No podemos depositar la responsabilidad de reiniciar el proyecto europeo en cuatro mandatarios, m\u00e1s o menos legitimados por sus ciudadanos. Esta es tarea de la Europa de los pueblos y de la Europa de los ciudadanos. Si no se profundiza en un nuevo modelo de relaci\u00f3n de la pol\u00edtica con la ciudadan\u00eda, si no se hace part\u00edcipe a las personas del proceso de cambio que debemos producir, volveremos a fracasar. M\u00e1s democracia y m\u00e1s participaci\u00f3n son elementos imprescindibles para el \u00e9xito. Las pr\u00f3ximas elecciones europeas de junio de 2013, dentro de menos de un a\u00f1o, elegiremos una c\u00e1mara de representaci\u00f3n que nombrar\u00e1 directamente al presidente de la Comisi\u00f3n Europea, un hecho que desconoce, seg\u00fan encuestas de la propia instituci\u00f3n, m\u00e1s del 97% de los ciudadanos de la Uni\u00f3n. No desaprovechemos la posibilidad de implicarnos pol\u00edticamente en el momento clave de la construcci\u00f3n europea, esta crisis nos ha puesto a todos en el disparadero del precipicio hacia el futuro. El salto al vac\u00edo requiere un cambio de mentalidad ciudadana, que empieza en el individuo como parte de una comunidad.<\/p>\n<p><img loading=\"lazy\" decoding=\"async\" src=\"http:\/\/estaticos01.cache.el-mundo.net\/elmundo\/imagenes\/2010\/03\/03\/1267616855_1.jpg\" alt=\"null\" width=\"441\" height=\"287\" \/><\/p>\n","protected":false},"excerpt":{"rendered":"<p>La cumbre celebrada en Roma entre los mandatarios de las cuatro principales econom\u00edas del euro &#8211;\u00a0Alemania,\u00a0Francia,\u00a0Italia\u00a0y\u00a0Espa\u00f1a\u00a0&#8211; parece alumbrar un nuevo modelo de actuaciones para afrontar la crisis econ\u00f3mica que asola la\u00a0Uni\u00f3n Europea\u00a0desde hace tres a\u00f1os.\u00a0Merkel,\u00a0Hollande,\u00a0Monti\u00a0y\u00a0Rajoy\u00a0han acordado poner en marcha un plan de crecimiento cifrado en nada menos que 130.000 millones de euros, el 1 por &hellip; <a href=\"https:\/\/blogs.noticiasdenavarra.com\/conacentohispano\/2012\/06\/24\/la-nueva-sinfonia-europea-crecer-si-pero-como\/\" class=\"more-link\">Sigue leyendo <span class=\"screen-reader-text\">La nueva sinfon\u00eda europea: crecer s\u00ed, pero \u00bfc\u00f3mo?<\/span><\/a><\/p>\n","protected":false},"author":70,"featured_media":0,"comment_status":"open","ping_status":"open","sticky":false,"template":"","format":"standard","meta":{"footnotes":""},"categories":[4],"tags":[407,512,494,547,475,409,455,456,411,458,629,426,414,389],"class_list":["post-166","post","type-post","status-publish","format-standard","hentry","category-sin-categoria","tag-alemania","tag-berlusconi","tag-comision-europea","tag-consejo-europeo","tag-espana","tag-francia","tag-hollande","tag-italia","tag-merkel","tag-monti","tag-parlamento-europeo","tag-rajoy","tag-sarkozy","tag-ue"],"_links":{"self":[{"href":"https:\/\/blogs.noticiasdenavarra.com\/conacentohispano\/wp-json\/wp\/v2\/posts\/166","targetHints":{"allow":["GET"]}}],"collection":[{"href":"https:\/\/blogs.noticiasdenavarra.com\/conacentohispano\/wp-json\/wp\/v2\/posts"}],"about":[{"href":"https:\/\/blogs.noticiasdenavarra.com\/conacentohispano\/wp-json\/wp\/v2\/types\/post"}],"author":[{"embeddable":true,"href":"https:\/\/blogs.noticiasdenavarra.com\/conacentohispano\/wp-json\/wp\/v2\/users\/70"}],"replies":[{"embeddable":true,"href":"https:\/\/blogs.noticiasdenavarra.com\/conacentohispano\/wp-json\/wp\/v2\/comments?post=166"}],"version-history":[{"count":2,"href":"https:\/\/blogs.noticiasdenavarra.com\/conacentohispano\/wp-json\/wp\/v2\/posts\/166\/revisions"}],"predecessor-version":[{"id":168,"href":"https:\/\/blogs.noticiasdenavarra.com\/conacentohispano\/wp-json\/wp\/v2\/posts\/166\/revisions\/168"}],"wp:attachment":[{"href":"https:\/\/blogs.noticiasdenavarra.com\/conacentohispano\/wp-json\/wp\/v2\/media?parent=166"}],"wp:term":[{"taxonomy":"category","embeddable":true,"href":"https:\/\/blogs.noticiasdenavarra.com\/conacentohispano\/wp-json\/wp\/v2\/categories?post=166"},{"taxonomy":"post_tag","embeddable":true,"href":"https:\/\/blogs.noticiasdenavarra.com\/conacentohispano\/wp-json\/wp\/v2\/tags?post=166"}],"curies":[{"name":"wp","href":"https:\/\/api.w.org\/{rel}","templated":true}]}}