{"id":126,"date":"2012-04-16T23:26:08","date_gmt":"2012-04-16T23:26:08","guid":{"rendered":"http:\/\/blogs.noticiasdenavarra.com\/conacentohispano\/?p=126"},"modified":"2012-04-16T23:26:08","modified_gmt":"2012-04-16T23:26:08","slug":"cristina-fernandez-de-kirchner-el-rostro-enlutado-de-una-expropiacion-que-le-enfrenta-a-europa","status":"publish","type":"post","link":"https:\/\/blogs.noticiasdenavarra.com\/conacentohispano\/2012\/04\/16\/cristina-fernandez-de-kirchner-el-rostro-enlutado-de-una-expropiacion-que-le-enfrenta-a-europa\/","title":{"rendered":"Cristina Fern\u00e1ndez de Kirchner el rostro enlutado de una expropiaci\u00f3n que le enfrenta a Europa"},"content":{"rendered":"<p>Tiene el populismo un rostro tan diverso como la personalidad de sus int\u00e9rpretes. Seg\u00fan su car\u00e1cter y la idiosincracia cultural del pueblo al que se dirigen se muestra m\u00e1s dicharacheros o melodram\u00e1ticos en sus gestos, siempre a la b\u00fasqueda del aplauso f\u00e1cil de su p\u00fablico y dispuestos a lanzar cortinas de humo sobre los verdaderos problemas que afectan a la poblaci\u00f3n. En el caso de la presidenta argentina, Cristina<strong>\u00a0Fern\u00e1ndez<\/strong>\u00a0\u2013 sobre todo de Kirchner \u2013 su fama le viene precedida por antecesores en el cargo de su propio partido el Justicialista y, de forma especial, de la esposa del presidente Juan Domingo\u00a0<strong>Per\u00f3n<\/strong>, la querid\u00edsima Evita. Ella tambi\u00e9n sabe lo que estar casada con un todopoderoso presidente, Nestor<strong>\u00a0Kirchner<\/strong>, cuyo luto lleva impuesto desde hace a\u00f1o y medio. Y ahora, en su segundo mandato como presidenta sucesora trata de enderezar los m\u00faltiples problemas de pol\u00edtica interna fruto de los enfrentamientos con los poderosos gobernadores provinciales y las corrientes de opini\u00f3n opuestas en su partido y en su gobierno.<\/p>\n<p>La expropiaci\u00f3n de las acciones de Repsol en la empresa petrolera\u00a0<strong>YPF<\/strong>\u00a0por parte del gobierno argentino supone un salto cualitativo en la deriva pol\u00edtica de pulsiones ultranacionalistas que la presidenta Fern\u00e1ndez inici\u00f3 hace unos meses con motivo del aniversario de las guerra de Las Malvinas. La justificaci\u00f3n para una decisi\u00f3n de tan amplio calado por parte de las autoridades argentinas se refieren a la necesidad de\u00a0\u201dsalvaguardar la soberan\u00eda hidrocarbur\u00edfera de Argentina y\u00a0el objetivo prioritario es el logro del autoabastecimiento de hidrocarburos\u201d. Seg\u00fan la presidenta, la petrolera no ha hecho las inversiones necesarias, algo que lleva meses recrimin\u00e1ndole el gobierno austral. Es uno de los escasos pa\u00edses del mundo, que no maneja sus recursos naturales. Despu\u00e9s de 17 a\u00f1os desde que se desnacionaliz\u00f3 (YPF), por primera vez ha convertido a\u00a0<strong>Argentina<\/strong>\u00a0en importador neto de gas y crudo, con un\u00a0d\u00e9ficit de 3.029 millones de d\u00f3lares\u00a0en la balanza del comercio de combustibles. El a\u00f1o pasado\u00a0Argentina import\u00f3 combustibles por unos 10.397 millones de d\u00f3lares, cifra que casi iguala al super\u00e1vit comercial del pa\u00eds, que el a\u00f1o pasado fue de unos 10.477 millones.\u00a0Seg\u00fan la mandataria, YPF inverti\u00f3 8.813 millones de d\u00f3lares entre 1999 y 2011, lapso en el que obtuvo ganancias netas por 16.450 millones de d\u00f3lares, de los cuales reparti\u00f3 13.246 millones entre sus accionistas. Razones y argumentos perfectamente vendibles para una poblaci\u00f3n a la que se le agasaja con el objetivo de no subir los precios de la gasolina o el gas. Un hecho que repercute en la insuficiencia de recursos para realizar nuevas prospecciones en suelo argentino.<\/p>\n<p><img decoding=\"async\" src=\"http:\/\/media.lavozdegalicia.es\/scale.php?i=\/default\/2012\/04\/16\/00121334595468515140525\/Foto\/E_120416-184627.jpg&amp;w=300px\" alt=\"null\" \/><\/p>\n<p>Pero m\u00e1s all\u00e1 de las motivaciones pol\u00edticas, la realidad tiene m\u00e1s que ver con el control de la caja de liquidez que supone YPF en una situaci\u00f3n muy complicada econ\u00f3mica en Argentina. Una crisis que combina unas altas tasas de inflaci\u00f3n con menores crecimientos que su entorno, fuerte huida de capitales y el tremendo d\u00e9ficit energ\u00e9tico rese\u00f1ado. Puede que el empuj\u00f3n definitivo a una decisi\u00f3n que colea desde haces meses, se deba a la evaluaci\u00f3n que Fern\u00e1ndez de Kirchner hace de la debilidad del gobierno espa\u00f1ol, acuciado por una crisis econ\u00f3mica muy dura y cuando la prima de riesgo de los mercados de deuda amenaza con rumores de intervenci\u00f3n de la\u00a0<strong>Uni\u00f3n Europea<\/strong>. Y es Europa la que deber\u00eda dar una respuesta coherente y medida a la expropiaci\u00f3n, desde la defensa de un modelo de relaci\u00f3n internacional, que debe basarse en la legalidad y los principios de seguridad jur\u00eddica. Este conflicto no debe plantearse como una batalla de pol\u00edticos envueltos en sus banderas, ajenos a los verdaderos intereses de los ciudadanos afectados, los argentinos en su calidad de vida y los accionistas de Repsol en sus intereses econ\u00f3micos. Debe recordarse que\u00a0<strong>Repsol<\/strong>\u00a0compr\u00f3 el 51% de YPF pagando un alto precio por ello, realiz\u00f3 inversiones tambi\u00e9n cuantiosas para la mejora de su capacidad de explotaci\u00f3n y es ahora cuando esta pol\u00edtica empresarial le genera beneficios. Y resulta a\u00fan m\u00e1s clamoroso el hecho de que cuando en 1992 YPF pas\u00f3 de manos p\u00fablicas a privadas, era la \u00fanica petrolera del mundo que perd\u00eda dinero por su mala gesti\u00f3n.<\/p>\n<p>Este es un problema que m\u00e1s all\u00e1 de las palabras grandilocuentes es un problema entre empresas, la de los intereses de una multinacional Repsol \u2013 hispano mexicana \u2013 y de los amigos de la presidenta que seguro que estar\u00e1n detr\u00e1s de esta expropiaci\u00f3n y que copan oligopol\u00edsticamente los principales sectores de la actividad en Argentina. Pero no cabe duda que ya ha puesto en solfa las relaciones bilaterales de\u00a0<strong>Espa\u00f1a\u00a0<\/strong>y Argentina \u2013 \u00a0Espa\u00f1a es el principal inversor extranjero en Argentina por delante de<strong>\u00a0EE.UU<\/strong>\u00a0&#8211;\u00a0y que se ven comprometidos los proyectos de colaboraci\u00f3n birregional Uni\u00f3n Europea Am\u00e9rica Latina. \u00a0Algo que parece importar a Argentina que tiene en estos momentos m\u00e1s de\u00a040 litigios en la Corte de Comercio Internacional que viene perdiendo sistem\u00e1ticamente y que, sin embargo, de la misma forma no paga las sanciones impuestas. Hace tiempo que Argentina se ha puesto al margen de la seguridad jur\u00eddica a\u00fan a riesgo de las consecuencias que ello puede causarle. Ha elegido el camino del cortoplacismo y de salvar el d\u00eda a d\u00eda, sin pensar en lo que puede pasar ma\u00f1ana.<\/p>\n<p>La reciente Cumbre de las Am\u00e9ricas ha puesto de manifiesto la p\u00e9rdida de peso espec\u00edfico tanto en Estados como en planteamientos ideol\u00f3gicos del Grupo<strong>\u00a0Alba<\/strong>. El proyecto bolivariano promovido por un enfermo Hugo\u00a0<strong>Ch\u00e1vez<\/strong>, que ni siquiera pudo estar presente en la cita de Cartagena de Indias, est\u00e1 en sus horas m\u00e1s bajas.\u00a0<strong>Bolivia<\/strong>,\u00a0<strong>Nicaragua<\/strong>,\u00a0<strong>Ecuador<\/strong>\u00a0y\u00a0<strong>Cuba<\/strong>\u00a0a su manera son los reductos de sus postulados estatistas, y aunque la presidenta Fern\u00e1ndez \u00a0ha hecho menci\u00f3n expresa a que el proyecto nacionalizador de YPF nada tiene que ver con esta senda, la realidad es que su medida representa por su magnitud el mascar\u00f3n de proa de las posiciones m\u00e1s radicales del continente latinoamericano en el \u00e1mbito de la propiedad de los recursos naturales. Si no fuera porque Argentina en esta guerra va por libre, podr\u00eda pensarse que ha cambiado de bando y desequilibra las posiciones en la regi\u00f3n. Pero no llevemos tan lejos nuestras reflexiones porque el populismo no suele desbordar fronteras y la expropiaci\u00f3n se agota en sus objetivos de consumo interno. Las posibilidades, pues, de un efecto contagio en la regi\u00f3n son m\u00ednimas. Conviene recordar que\u00a0<strong>Pemex<\/strong>\u00a0la petrolera mexicana es accionista en un 20% de Repsol y que la chilena\u00a0<strong>Enap<\/strong>\u00a0y la brasile\u00f1a\u00a0<strong>Petrobras<\/strong>est\u00e1n presentes en Argentina y en alg\u00fan caso comparten la explotaci\u00f3n de campos con Repsol. Adem\u00e1s, pa\u00edses como\u00a0<strong>Brasil<\/strong>,\u00a0<strong>M\u00e9xico<\/strong>,\u00a0<strong>Colombia<\/strong>,\u00a0<strong>Chile<\/strong>\u00a0o<strong>Per\u00fa<\/strong>\u00a0son destinos hoy por hoy seguros para las inversiones dado que sus gobiernos han hecho una firme y decidida apuesta por el desarrollo de sus econom\u00edas con un modelo de cooperaci\u00f3n internacional y atracci\u00f3n de negocios hacia sus territorios.<\/p>\n<p>No conocemos a\u00fan la reacci\u00f3n espa\u00f1ola y, presumiblemente, europea a la expropiaci\u00f3n de Cristina Fern\u00e1ndez. Convendr\u00eda que la sensatez imperara y que el populismo no se convierta en una pandemia a este lado del Atl\u00e1ntico. Nos jugamos demasiado en no desaprovechar las oportunidades entre las dos orillas. Si convertimos este conflicto en una suerte de guerra comercial contra Argentina, se ver\u00e1 comprometida la ya compleja negociaci\u00f3n de la Ronda\u00a0<strong>Mercosur<\/strong>\u00a0y habremos perdido una nueva opci\u00f3n de poner las primeras base de una relaci\u00f3n birregional de intercambio desde la equidad sin proteccionismos. Al populismo pseudodemocr\u00e1tico se le combate con la defensa de la legalidad desde las instituciones europeas que nos hemos dado. Empezando por defender a los ciudadanos que han depositado sus ahorros en Repsol y que ahora ver\u00e1n valoradas sus acciones por el Tribunal de Tasaci\u00f3n argentino que decidir\u00e1 cu\u00e1nto debe pagar el gobierno argentino por la compa\u00f1\u00eda. Sus derechos deben ser salvaguardados, m\u00e1s all\u00e1 de los argumentos y razones que ha expuesto la inquilina de la Casa Rosada. Y el otro inter\u00e9s principal a rescatar es el del pueblo argentino que no tiene porqu\u00e9 sufrir el enfrentamiento de la ret\u00f3rica pol\u00edtica y de los gestos trasnochados de mandatarios enlutados.<\/p>\n<p><img loading=\"lazy\" decoding=\"async\" src=\"http:\/\/www.abc.es\/Media\/201204\/14\/FUERA-REPSOL--644x362.jpg\" alt=\"null\" width=\"451\" height=\"253\" \/><\/p>\n","protected":false},"excerpt":{"rendered":"<p>Tiene el populismo un rostro tan diverso como la personalidad de sus int\u00e9rpretes. Seg\u00fan su car\u00e1cter y la idiosincracia cultural del pueblo al que se dirigen se muestra m\u00e1s dicharacheros o melodram\u00e1ticos en sus gestos, siempre a la b\u00fasqueda del aplauso f\u00e1cil de su p\u00fablico y dispuestos a lanzar cortinas de humo sobre los verdaderos &hellip; <a href=\"https:\/\/blogs.noticiasdenavarra.com\/conacentohispano\/2012\/04\/16\/cristina-fernandez-de-kirchner-el-rostro-enlutado-de-una-expropiacion-que-le-enfrenta-a-europa\/\" class=\"more-link\">Sigue leyendo <span class=\"screen-reader-text\">Cristina Fern\u00e1ndez de Kirchner el rostro enlutado de una expropiaci\u00f3n que le enfrenta a Europa<\/span><\/a><\/p>\n","protected":false},"author":70,"featured_media":0,"comment_status":"open","ping_status":"open","sticky":false,"template":"","format":"standard","meta":{"footnotes":""},"categories":[4],"tags":[571,541,543,391,395,545,572,548,398,573,475,440,574,554,402,575,576,577,557,578,579,389,580],"class_list":["post-126","post","type-post","status-publish","format-standard","hentry","category-sin-categoria","tag-alba","tag-argentina","tag-bolivia","tag-brasil","tag-chile","tag-colombia","tag-cuba","tag-ecuador","tag-ee-uu","tag-enap","tag-espana","tag-fernandez","tag-kirchner","tag-mercosur","tag-mexico","tag-nicaragua","tag-pemex","tag-peron","tag-peru","tag-petrobras","tag-repsol","tag-ue","tag-ypf"],"_links":{"self":[{"href":"https:\/\/blogs.noticiasdenavarra.com\/conacentohispano\/wp-json\/wp\/v2\/posts\/126","targetHints":{"allow":["GET"]}}],"collection":[{"href":"https:\/\/blogs.noticiasdenavarra.com\/conacentohispano\/wp-json\/wp\/v2\/posts"}],"about":[{"href":"https:\/\/blogs.noticiasdenavarra.com\/conacentohispano\/wp-json\/wp\/v2\/types\/post"}],"author":[{"embeddable":true,"href":"https:\/\/blogs.noticiasdenavarra.com\/conacentohispano\/wp-json\/wp\/v2\/users\/70"}],"replies":[{"embeddable":true,"href":"https:\/\/blogs.noticiasdenavarra.com\/conacentohispano\/wp-json\/wp\/v2\/comments?post=126"}],"version-history":[{"count":1,"href":"https:\/\/blogs.noticiasdenavarra.com\/conacentohispano\/wp-json\/wp\/v2\/posts\/126\/revisions"}],"predecessor-version":[{"id":127,"href":"https:\/\/blogs.noticiasdenavarra.com\/conacentohispano\/wp-json\/wp\/v2\/posts\/126\/revisions\/127"}],"wp:attachment":[{"href":"https:\/\/blogs.noticiasdenavarra.com\/conacentohispano\/wp-json\/wp\/v2\/media?parent=126"}],"wp:term":[{"taxonomy":"category","embeddable":true,"href":"https:\/\/blogs.noticiasdenavarra.com\/conacentohispano\/wp-json\/wp\/v2\/categories?post=126"},{"taxonomy":"post_tag","embeddable":true,"href":"https:\/\/blogs.noticiasdenavarra.com\/conacentohispano\/wp-json\/wp\/v2\/tags?post=126"}],"curies":[{"name":"wp","href":"https:\/\/api.w.org\/{rel}","templated":true}]}}